{"id":383,"date":"2016-10-21T20:34:16","date_gmt":"2016-10-21T20:34:16","guid":{"rendered":"http:\/\/novo2017.assemit.com.br\/?p=383"},"modified":"2016-10-21T20:34:16","modified_gmt":"2016-10-21T20:34:16","slug":"caminhada-da-campanha-outubro-rosa-e-novembro-azul-mobiliza-mais-de-100-pessoas","status":"publish","type":"post","link":"https:\/\/assemit.com.br\/novo\/?p=383","title":{"rendered":"Caminhada da campanha outubro rosa e novembro azul mobiliza comunidade"},"content":{"rendered":"<p style=\"margin: 0px 0px 6px; font-family: helvetica, arial, sans-serif; color: #1d2129; font-size: 14px;\"><img loading=\"lazy\" decoding=\"async\" class=\" size-full wp-image-382\" src=\"http:\/\/novo2017.assemit.com.br\/wp-content\/uploads\/2016\/10\/14572355_1831385803765761_8430584214700437700_n.jpg\" alt=\"\" width=\"960\" height=\"720\" srcset=\"https:\/\/assemit.com.br\/novo\/wp-content\/uploads\/2016\/10\/14572355_1831385803765761_8430584214700437700_n.jpg 960w, https:\/\/assemit.com.br\/novo\/wp-content\/uploads\/2016\/10\/14572355_1831385803765761_8430584214700437700_n-300x225.jpg 300w, https:\/\/assemit.com.br\/novo\/wp-content\/uploads\/2016\/10\/14572355_1831385803765761_8430584214700437700_n-768x576.jpg 768w, https:\/\/assemit.com.br\/novo\/wp-content\/uploads\/2016\/10\/14572355_1831385803765761_8430584214700437700_n-619x464.jpg 619w\" sizes=\"auto, (max-width: 960px) 100vw, 960px\" \/><\/p>\n<p style=\"margin: 0px 0px 6px; font-family: helvetica, arial, sans-serif; color: #1d2129; font-size: 14px;\">Diversas atividades de orienta\u00e7\u00e3o voltadas \u00e0 campanha Outubro Rosa e Novembro Azul est\u00e3o acontecendo em Itapiranga. Na manh\u00e3 desta quarta-feira, 19, a secretaria municipal de Sa\u00fade, atrav\u00e9s do N\u00facleo de Apoio \u00e0 Sa\u00fade da Fam\u00edlia (NASF) e a Associa\u00e7\u00e3o dos Empres\u00e1rios de Itapiranga, por meio do N\u00facleo da Mulher Empres\u00e1ria, promoveram uma caminhada de conscientiza\u00e7\u00e3o na rua do Com\u00e9rcio. A atividade re<span class=\"text_exposed_show\" style=\"display: inline; font-family: inherit;\">uniu mais de 100 pessoas, que representaram empresas, entidades, associa\u00e7\u00f5es, \u00f3rg\u00e3os p\u00fablicos e a popula\u00e7\u00e3o em geral.<\/span><\/p>\n<p style=\"margin: 0px 0px 6px; font-family: helvetica, arial, sans-serif; color: #1d2129; font-size: 14px;\"><span class=\"text_exposed_show\" style=\"display: inline; font-family: inherit;\">De acordo com informa\u00e7\u00f5es da equipe NASF, a caminhada da campanha Outubro Rosa e Novembro Azul teve como objetivo conscientizar os mun\u00edcipes sobre a import\u00e2ncia da ado\u00e7\u00e3o de medidas preventivas para combater o c\u00e2ncer de mama, de colo uterino e pr\u00f3stata. \u201cEste momento nos remete a parar e refletir sobre nossa rotina, para que possamos analisar se estamos praticando h\u00e1bitos de vida saud\u00e1veis, atividades f\u00edsicas, alimenta\u00e7\u00e3o balanceada, entre outros cuidados necess\u00e1rios para termos uma vida de qualidade\u201d, afirmam. A equipe do NASF destaca, que o envolvimento da comunidade itapiranguense engrandeceu o ato e enaltece o tema em evid\u00eancia.<\/span><\/p>\n<div class=\"text_exposed_show\" style=\"display: inline; font-family: helvetica, arial, sans-serif; color: #1d2129; font-size: 14px;\">\n<p style=\"margin: 0px 0px 6px; font-family: inherit;\">Fonte: Munic\u00edpio de Itapiranga<\/p>\n<\/p><\/div>\n","protected":false},"excerpt":{"rendered":"<p>Diversas atividades de orienta\u00e7\u00e3o voltadas \u00e0 campanha Outubro Rosa e Novembro Azul est\u00e3o acontecendo em Itapiranga. Na manh\u00e3 desta quarta-feira, 19, a secretaria municipal de Sa\u00fade, atrav\u00e9s do N\u00facleo de Apoio \u00e0 Sa\u00fade da Fam\u00edlia (NASF) e a Associa\u00e7\u00e3o dos [&hellip;]<\/p>\n","protected":false},"author":1,"featured_media":382,"comment_status":"open","ping_status":"open","sticky":false,"template":"","format":"standard","meta":{"ngg_post_thumbnail":0,"footnotes":""},"categories":[6],"tags":[],"class_list":["post-383","post","type-post","status-publish","format-standard","has-post-thumbnail","hentry","category-novidades"],"_links":{"self":[{"href":"https:\/\/assemit.com.br\/novo\/index.php?rest_route=\/wp\/v2\/posts\/383","targetHints":{"allow":["GET"]}}],"collection":[{"href":"https:\/\/assemit.com.br\/novo\/index.php?rest_route=\/wp\/v2\/posts"}],"about":[{"href":"https:\/\/assemit.com.br\/novo\/index.php?rest_route=\/wp\/v2\/types\/post"}],"author":[{"embeddable":true,"href":"https:\/\/assemit.com.br\/novo\/index.php?rest_route=\/wp\/v2\/users\/1"}],"replies":[{"embeddable":true,"href":"https:\/\/assemit.com.br\/novo\/index.php?rest_route=%2Fwp%2Fv2%2Fcomments&post=383"}],"version-history":[{"count":0,"href":"https:\/\/assemit.com.br\/novo\/index.php?rest_route=\/wp\/v2\/posts\/383\/revisions"}],"wp:featuredmedia":[{"embeddable":true,"href":"https:\/\/assemit.com.br\/novo\/index.php?rest_route=\/wp\/v2\/media\/382"}],"wp:attachment":[{"href":"https:\/\/assemit.com.br\/novo\/index.php?rest_route=%2Fwp%2Fv2%2Fmedia&parent=383"}],"wp:term":[{"taxonomy":"category","embeddable":true,"href":"https:\/\/assemit.com.br\/novo\/index.php?rest_route=%2Fwp%2Fv2%2Fcategories&post=383"},{"taxonomy":"post_tag","embeddable":true,"href":"https:\/\/assemit.com.br\/novo\/index.php?rest_route=%2Fwp%2Fv2%2Ftags&post=383"}],"curies":[{"name":"wp","href":"https:\/\/api.w.org\/{rel}","templated":true}]}}