{"id":386,"date":"2016-10-21T21:23:51","date_gmt":"2016-10-21T21:23:51","guid":{"rendered":"http:\/\/novo2017.assemit.com.br\/?p=386"},"modified":"2016-10-21T21:23:51","modified_gmt":"2016-10-21T21:23:51","slug":"assemit-escolhe-diretoria-para-o-trienio-2017-2019","status":"publish","type":"post","link":"https:\/\/assemit.com.br\/novo\/?p=386","title":{"rendered":"Assemit escolhe Diretoria para o tri\u00eanio 2017\/2019"},"content":{"rendered":"<p><img loading=\"lazy\" decoding=\"async\" class=\" size-full wp-image-1\" src=\"http:\/\/novo2017.assemit.com.br\/wp-content\/uploads\/2014\/10\/diretoria2017.jpg\" alt=\"\" width=\"965\" height=\"643\" \/><\/p>\n<p>Nesta semana (18\/10) a Associa\u00e7\u00e3o dos Empres\u00e1rios de Itapiranga (Assemit) escolheu nova diretoria em Assembleia Ordin\u00e1ria. De acordo com o atual presidente, Elton Maldaner, o mandato da pr\u00f3xima diretoria vai de Janeiro de 2017 a dezembro de 2019.<\/p>\n<p>O presidente diz que vai deixar o cargo sem ter conseguido atingir todas as metas. Elton Maldaner encerra seu segundo mandato e faz uma avalia\u00e7\u00e3o positiva dos trabalhos da Assemit. Ele destaca como principal conquista a defini\u00e7\u00e3o pela sede pr\u00f3pria que ser\u00e1 conclu\u00edda em 2017.<\/p>\n<p>Maldaner lamenta que n\u00e3o atingiu outras metas que considerava fundamentais, como o aumento de associados. No momento, 134 empresas fazem parte da entidade. A sede pr\u00f3pria \u00e9 apontada como fator positivo para ampliar servi\u00e7os e atrair novos integrantes.<\/p>\n<p>Em assembleia, a Associa\u00e7\u00e3o Empresarial alterou o estatuto com aprova\u00e7\u00e3o de mandato de tr\u00eas anos sem reelei\u00e7\u00e3o. O modelo anterior era de mandado de dois anos com direito a uma reelei\u00e7\u00e3o. A posse ser\u00e1 no dia 14 de novembro no Baile da Associa\u00e7\u00e3o que este ano ser\u00e1 realizado na AABB, com anima\u00e7\u00e3o da dupla Jorge e L\u00e9o.<\/p>\n<p><strong>Nova diretoria<br \/><\/strong>Presidente: Clemente Schnorrenberger<br \/>Vice Presidente: Renato Eidt<br \/>Tesoureiro: Norberto Lengert<br \/>Vice Tesoureiro: Guido Flach<br \/>Secret\u00e1ria: Cleusa Soethe Guareschi \u00a0<br \/>Vice Secret\u00e1ria: Cristiani Werlang<br \/>Conselho Fiscal: Alexandre Gomes Ribas\u00a0<br \/>Tecla Royer Scholz \/ Claudio Bourscheid<br \/>Suplentes: \u00a0Ivete Anschau Friedrich\u00a0<br \/>Pedro Jose Kunrath \/ Edevaldo Antonio Kraemer\u00a0<br \/>Assessor de Comunica\u00e7\u00e3o: Afonso Niehues \/ Abr\u00e3o Moura\u00a0<br \/>Assessoria Jur\u00eddica: \u00a0Airton Sehn \u00a0<br \/>Departamento de Prote\u00e7\u00e3o ao Cr\u00e9dito: \u00a0Nirton Follmann<br \/>Departamento de Aperfei\u00e7oamento Profissional: Katia Mara Ertel Engel \/ Carlise Welter Werlang \/ Ilvar Vogt\u00a0<br \/>Departamento do Empreender: \u00a0Odir Luiz Fank<br \/>Departamento de Eventos: Sadi Reckziegel \/ Adilson Fabris \/ Eloi Kaiser \/ Andreia Kern \/ Pedro Paulo Pereira<br \/>Departamento da EFRAIT: Elton Martinho Maldaner<br \/>Conselho Deliberativo: \u00a0Elton Martinho Maldaner, Afonso Niehues e Carlise Welter Werlang<\/p>\n","protected":false},"excerpt":{"rendered":"<p>Nesta semana (18\/10) a Associa\u00e7\u00e3o dos Empres\u00e1rios de Itapiranga (Assemit) escolheu nova diretoria em Assembleia Ordin\u00e1ria. De acordo com o atual presidente, Elton Maldaner, o mandato da pr\u00f3xima diretoria vai de Janeiro de 2017 a dezembro de 2019. O presidente [&hellip;]<\/p>\n","protected":false},"author":1,"featured_media":1,"comment_status":"open","ping_status":"open","sticky":false,"template":"","format":"standard","meta":{"ngg_post_thumbnail":0,"footnotes":""},"categories":[6],"tags":[],"class_list":["post-386","post","type-post","status-publish","format-standard","has-post-thumbnail","hentry","category-novidades"],"_links":{"self":[{"href":"https:\/\/assemit.com.br\/novo\/index.php?rest_route=\/wp\/v2\/posts\/386","targetHints":{"allow":["GET"]}}],"collection":[{"href":"https:\/\/assemit.com.br\/novo\/index.php?rest_route=\/wp\/v2\/posts"}],"about":[{"href":"https:\/\/assemit.com.br\/novo\/index.php?rest_route=\/wp\/v2\/types\/post"}],"author":[{"embeddable":true,"href":"https:\/\/assemit.com.br\/novo\/index.php?rest_route=\/wp\/v2\/users\/1"}],"replies":[{"embeddable":true,"href":"https:\/\/assemit.com.br\/novo\/index.php?rest_route=%2Fwp%2Fv2%2Fcomments&post=386"}],"version-history":[{"count":0,"href":"https:\/\/assemit.com.br\/novo\/index.php?rest_route=\/wp\/v2\/posts\/386\/revisions"}],"wp:featuredmedia":[{"embeddable":true,"href":"https:\/\/assemit.com.br\/novo\/index.php?rest_route=\/wp\/v2\/media\/1"}],"wp:attachment":[{"href":"https:\/\/assemit.com.br\/novo\/index.php?rest_route=%2Fwp%2Fv2%2Fmedia&parent=386"}],"wp:term":[{"taxonomy":"category","embeddable":true,"href":"https:\/\/assemit.com.br\/novo\/index.php?rest_route=%2Fwp%2Fv2%2Fcategories&post=386"},{"taxonomy":"post_tag","embeddable":true,"href":"https:\/\/assemit.com.br\/novo\/index.php?rest_route=%2Fwp%2Fv2%2Ftags&post=386"}],"curies":[{"name":"wp","href":"https:\/\/api.w.org\/{rel}","templated":true}]}}