{"id":3872,"date":"2024-09-21T09:33:30","date_gmt":"2024-09-21T12:33:30","guid":{"rendered":"https:\/\/assemit.com.br\/novo\/?p=3872"},"modified":"2024-09-26T09:35:12","modified_gmt":"2024-09-26T12:35:12","slug":"capacitacao-em-excel-basico","status":"publish","type":"post","link":"https:\/\/assemit.com.br\/novo\/?p=3872","title":{"rendered":"Capacita\u00e7\u00e3o em Excel B\u00e1sico"},"content":{"rendered":"\n<p>No dia de ontem, a Assemit encerrou com sucesso a capacita\u00e7\u00e3o em Excel B\u00e1sico.<br>&#x1f680; Foi uma jornada de quatro noites de aprendizado que vai ajudar a otimizar processos, melhorar a gest\u00e3o de dados e aumentar a produtividade no dia a dia.<\/p>\n\n\n\n<p>A capacita\u00e7\u00e3o em Excel \u00e9 um diferencial importante no mercado atual, e essa conquista \u00e9 um passo a mais em nossa trajet\u00f3ria de desenvolvimento!<\/p>\n\n\n\n<p>Agradecemos de forma especial ao&nbsp;<a href=\"https:\/\/www.instagram.com\/norberto_lengert\/\">@norberto_lengert<\/a>&nbsp;pela sua dedica\u00e7\u00e3o e por ministrar o curso!<\/p>\n\n\n\n<p>Parab\u00e9ns a todos os envolvidos! &#x1f44f;<\/p>\n\n\n\n<figure class=\"wp-block-gallery has-nested-images columns-default is-cropped wp-block-gallery-1 is-layout-flex wp-block-gallery-is-layout-flex\">\n<figure class=\"wp-block-image size-large\"><a href=\"https:\/\/assemit.com.br\/novo\/wp-content\/uploads\/2024\/09\/excel1.jpg\"><img decoding=\"async\" data-id=\"3874\" src=\"https:\/\/assemit.com.br\/novo\/wp-content\/uploads\/2024\/09\/excel1-1024x1024.jpg\" alt=\"\" class=\"wp-image-3874\"\/><\/a><\/figure>\n\n\n\n<figure class=\"wp-block-image size-large\"><a href=\"https:\/\/assemit.com.br\/novo\/wp-content\/uploads\/2024\/09\/excel2.jpg\"><img decoding=\"async\" data-id=\"3873\" src=\"https:\/\/assemit.com.br\/novo\/wp-content\/uploads\/2024\/09\/excel2-1024x1024.jpg\" alt=\"\" class=\"wp-image-3873\"\/><\/a><\/figure>\n<\/figure>\n","protected":false},"excerpt":{"rendered":"<p>No dia de ontem, a Assemit encerrou com sucesso a capacita\u00e7\u00e3o em Excel B\u00e1sico.&#x1f680; Foi uma jornada de quatro noites de aprendizado que vai ajudar a otimizar processos, melhorar a gest\u00e3o de dados e aumentar a produtividade no dia a [&hellip;]<\/p>\n","protected":false},"author":2,"featured_media":3875,"comment_status":"closed","ping_status":"closed","sticky":false,"template":"","format":"standard","meta":{"ngg_post_thumbnail":0,"footnotes":""},"categories":[6],"tags":[],"class_list":["post-3872","post","type-post","status-publish","format-standard","has-post-thumbnail","hentry","category-novidades"],"_links":{"self":[{"href":"https:\/\/assemit.com.br\/novo\/index.php?rest_route=\/wp\/v2\/posts\/3872","targetHints":{"allow":["GET"]}}],"collection":[{"href":"https:\/\/assemit.com.br\/novo\/index.php?rest_route=\/wp\/v2\/posts"}],"about":[{"href":"https:\/\/assemit.com.br\/novo\/index.php?rest_route=\/wp\/v2\/types\/post"}],"author":[{"embeddable":true,"href":"https:\/\/assemit.com.br\/novo\/index.php?rest_route=\/wp\/v2\/users\/2"}],"replies":[{"embeddable":true,"href":"https:\/\/assemit.com.br\/novo\/index.php?rest_route=%2Fwp%2Fv2%2Fcomments&post=3872"}],"version-history":[{"count":1,"href":"https:\/\/assemit.com.br\/novo\/index.php?rest_route=\/wp\/v2\/posts\/3872\/revisions"}],"predecessor-version":[{"id":3876,"href":"https:\/\/assemit.com.br\/novo\/index.php?rest_route=\/wp\/v2\/posts\/3872\/revisions\/3876"}],"wp:featuredmedia":[{"embeddable":true,"href":"https:\/\/assemit.com.br\/novo\/index.php?rest_route=\/wp\/v2\/media\/3875"}],"wp:attachment":[{"href":"https:\/\/assemit.com.br\/novo\/index.php?rest_route=%2Fwp%2Fv2%2Fmedia&parent=3872"}],"wp:term":[{"taxonomy":"category","embeddable":true,"href":"https:\/\/assemit.com.br\/novo\/index.php?rest_route=%2Fwp%2Fv2%2Fcategories&post=3872"},{"taxonomy":"post_tag","embeddable":true,"href":"https:\/\/assemit.com.br\/novo\/index.php?rest_route=%2Fwp%2Fv2%2Ftags&post=3872"}],"curies":[{"name":"wp","href":"https:\/\/api.w.org\/{rel}","templated":true}]}}