{"id":3881,"date":"2025-02-21T15:33:02","date_gmt":"2025-02-21T18:33:02","guid":{"rendered":"https:\/\/assemit.com.br\/novo\/?p=3881"},"modified":"2025-02-26T15:34:52","modified_gmt":"2025-02-26T18:34:52","slug":"itapiranga-tera-8-empresarios-na-maior-feira-comercial-do-mundo","status":"publish","type":"post","link":"https:\/\/assemit.com.br\/novo\/?p=3881","title":{"rendered":"Itapiranga ter\u00e1 8 empres\u00e1rios na maior feira comercial do mundo"},"content":{"rendered":"\n<p>A viagem ser\u00e1 em outubro reunindo mais de 40 empres\u00e1rios de Santa Catarina, em parceria com a Facisc. A Miss\u00e3o Empresarial China 2025, contar\u00e1 com parcerias, incluindo a Associa\u00e7\u00e3o Empresarial de Tubar\u00e3o.<\/p>\n\n\n\n<p>Conforme o Presidente da Assemit, Francelino Ribeiro, o evento ser\u00e1 em outubro, incluindo no roteiro a participa\u00e7\u00e3o na Canton, uma das maiores feiras internacionais de importa\u00e7\u00e3o e exporta\u00e7\u00e3o, que re\u00fane milhares de expositores dos mais variados setores, destacando inova\u00e7\u00f5es tecnol\u00f3gicas, lan\u00e7amentos de produtos e as principais tend\u00eancias do mercado.<\/p>\n\n\n\n<p>Ele cita ainda que \u00e9 uma oportunidade \u00fanica para os empres\u00e1rios. Tamb\u00e9m destaca que \u00e9 uma forma de quebrar os paradigmas em rela\u00e7\u00e3o aos produtos chineses. Segundo o Presidente da Associa\u00e7\u00e3o Empresarial de Itapiranga, a viagem inicia no dia 10 de outubro, come retorno no dia 24.<\/p>\n\n\n\n<p>Francelino Ribeiro considera que a Assemit serve de refer\u00eancia neste sentido, pois existe uma grande dificuldade de o empres\u00e1rio deixar sua empresa por duas semanas. A confirma\u00e7\u00e3o de 8 pessoas mostra que \u00e9 preciso buscar alternativas e superar as dificuldades impostas por uma viagem deste n\u00edvel.<\/p>\n\n\n\n<p>De acordo com Francelino Ribeiro a presen\u00e7a de 8 empres\u00e1rios de Itapiranga \u00e9 uma demonstra\u00e7\u00e3o da ambi\u00e7\u00e3o que possuem na busca por grandes conquistas. Ele avalia que a maior feira multissetorial do mundo pode proporcionar aos participantes acr\u00e9scimo significativos nos seus neg\u00f3cios.<br>Fonte: Rede Peperi<\/p>\n\n\n\n<figure class=\"wp-block-image\"><img decoding=\"async\" src=\"https:\/\/d1mg7gk5vg53l8.cloudfront.net\/m5kPKL4Fzi7R1LNOmWvo2_6aJ6k=\/1015x497\/smart\/filters:strip_exif():fill(transparent)\/https:\/\/peperi.s3.sa-east-1.amazonaws.com\/imagem-do-whatsapp-de-2024-07-24-as-1348088055d5be-67b8b2e441721.jpg\" alt=\"\"\/><\/figure>\n\n\n\n<figure class=\"wp-block-image\"><img decoding=\"async\" src=\"https:\/\/d1mg7gk5vg53l8.cloudfront.net\/WuP3-8suSKhYR2RmIKxR2AsBrOw=\/96x72\/smart\/filters:strip_exif():fill(transparent)\/https:\/\/peperi.s3.sa-east-1.amazonaws.com\/imagem-do-whatsapp-de-2024-07-24-as-1348088055d5be-67b8b2e441721.jpg\" alt=\"Itapiranga ter\u00e1 8 empres\u00e1rios na maior feira comercial do mundo \" title=\"Itapiranga ter\u00e1 8 empres\u00e1rios na maior feira comercial do mundo \"\/><\/figure>\n","protected":false},"excerpt":{"rendered":"<p>A viagem ser\u00e1 em outubro reunindo mais de 40 empres\u00e1rios de Santa Catarina, em parceria com a Facisc. A Miss\u00e3o Empresarial China 2025, contar\u00e1 com parcerias, incluindo a Associa\u00e7\u00e3o Empresarial de Tubar\u00e3o. Conforme o Presidente da Assemit, Francelino Ribeiro, o [&hellip;]<\/p>\n","protected":false},"author":2,"featured_media":3882,"comment_status":"closed","ping_status":"closed","sticky":false,"template":"","format":"standard","meta":{"ngg_post_thumbnail":0,"footnotes":""},"categories":[6],"tags":[],"class_list":["post-3881","post","type-post","status-publish","format-standard","has-post-thumbnail","hentry","category-novidades"],"_links":{"self":[{"href":"https:\/\/assemit.com.br\/novo\/index.php?rest_route=\/wp\/v2\/posts\/3881","targetHints":{"allow":["GET"]}}],"collection":[{"href":"https:\/\/assemit.com.br\/novo\/index.php?rest_route=\/wp\/v2\/posts"}],"about":[{"href":"https:\/\/assemit.com.br\/novo\/index.php?rest_route=\/wp\/v2\/types\/post"}],"author":[{"embeddable":true,"href":"https:\/\/assemit.com.br\/novo\/index.php?rest_route=\/wp\/v2\/users\/2"}],"replies":[{"embeddable":true,"href":"https:\/\/assemit.com.br\/novo\/index.php?rest_route=%2Fwp%2Fv2%2Fcomments&post=3881"}],"version-history":[{"count":3,"href":"https:\/\/assemit.com.br\/novo\/index.php?rest_route=\/wp\/v2\/posts\/3881\/revisions"}],"predecessor-version":[{"id":3885,"href":"https:\/\/assemit.com.br\/novo\/index.php?rest_route=\/wp\/v2\/posts\/3881\/revisions\/3885"}],"wp:featuredmedia":[{"embeddable":true,"href":"https:\/\/assemit.com.br\/novo\/index.php?rest_route=\/wp\/v2\/media\/3882"}],"wp:attachment":[{"href":"https:\/\/assemit.com.br\/novo\/index.php?rest_route=%2Fwp%2Fv2%2Fmedia&parent=3881"}],"wp:term":[{"taxonomy":"category","embeddable":true,"href":"https:\/\/assemit.com.br\/novo\/index.php?rest_route=%2Fwp%2Fv2%2Fcategories&post=3881"},{"taxonomy":"post_tag","embeddable":true,"href":"https:\/\/assemit.com.br\/novo\/index.php?rest_route=%2Fwp%2Fv2%2Ftags&post=3881"}],"curies":[{"name":"wp","href":"https:\/\/api.w.org\/{rel}","templated":true}]}}