{"id":3886,"date":"2025-02-03T16:06:03","date_gmt":"2025-02-03T19:06:03","guid":{"rendered":"https:\/\/assemit.com.br\/novo\/?p=3886"},"modified":"2025-02-26T16:27:50","modified_gmt":"2025-02-26T19:27:50","slug":"reuniao-com-o-prefeito-sobre-o-voz-unica","status":"publish","type":"post","link":"https:\/\/assemit.com.br\/novo\/?p=3886","title":{"rendered":"Reuni\u00e3o com o prefeito sobre o Voz \u00danica"},"content":{"rendered":"\n<p>No gabinete municipal, iniciamos a semana com uma conversa importante com os integrantes da Comiss\u00e3o do Programa Voz \u00danica, uma iniciativa da Associa\u00e7\u00e3o dos Empres\u00e1rios de Itapiranga (Assemit) e da Federa\u00e7\u00e3o das Associa\u00e7\u00f5es Empresariais de Santa Catarina (Facisc).<\/p>\n\n\n\n<p>&#x1f5e3;&#xfe0f; Falamos sobre as prioridades apontadas pelos empres\u00e1rios de Itapiranga, refor\u00e7ando nosso compromisso em atuar nessas pautas para impulsionar o progresso do munic\u00edpio, conforme j\u00e1 hav\u00edamos feito no evento promovido pela entidade no per\u00edodo de campanha.<\/p>\n\n\n\n<p>Seguiremos trabalhando lado a lado, ouvindo e buscando solu\u00e7\u00f5es para fortalecer cada vez mais nosso munic\u00edpio em todas as \u00e1reas, trazendo significativos benef\u00edcios \u00e0 nossa gente e melhorando a qualidade de vida da nossa popula\u00e7\u00e3o. Contem comigo, estamos Juntos por Itapiranga!<\/p>\n\n\n\n<figure class=\"wp-block-video\"><video height=\"1280\" style=\"aspect-ratio: 720 \/ 1280;\" width=\"720\" controls src=\"https:\/\/assemit.com.br\/novo\/wp-content\/uploads\/2025\/02\/GABINETE.mp4\"><\/video><\/figure>\n","protected":false},"excerpt":{"rendered":"<p>No gabinete municipal, iniciamos a semana com uma conversa importante com os integrantes da Comiss\u00e3o do Programa Voz \u00danica, uma iniciativa da Associa\u00e7\u00e3o dos Empres\u00e1rios de Itapiranga (Assemit) e da Federa\u00e7\u00e3o das Associa\u00e7\u00f5es Empresariais de Santa Catarina (Facisc). &#x1f5e3;&#xfe0f; Falamos [&hellip;]<\/p>\n","protected":false},"author":2,"featured_media":0,"comment_status":"closed","ping_status":"closed","sticky":false,"template":"","format":"standard","meta":{"ngg_post_thumbnail":0,"footnotes":""},"categories":[6],"tags":[],"class_list":["post-3886","post","type-post","status-publish","format-standard","hentry","category-novidades"],"_links":{"self":[{"href":"https:\/\/assemit.com.br\/novo\/index.php?rest_route=\/wp\/v2\/posts\/3886","targetHints":{"allow":["GET"]}}],"collection":[{"href":"https:\/\/assemit.com.br\/novo\/index.php?rest_route=\/wp\/v2\/posts"}],"about":[{"href":"https:\/\/assemit.com.br\/novo\/index.php?rest_route=\/wp\/v2\/types\/post"}],"author":[{"embeddable":true,"href":"https:\/\/assemit.com.br\/novo\/index.php?rest_route=\/wp\/v2\/users\/2"}],"replies":[{"embeddable":true,"href":"https:\/\/assemit.com.br\/novo\/index.php?rest_route=%2Fwp%2Fv2%2Fcomments&post=3886"}],"version-history":[{"count":1,"href":"https:\/\/assemit.com.br\/novo\/index.php?rest_route=\/wp\/v2\/posts\/3886\/revisions"}],"predecessor-version":[{"id":3888,"href":"https:\/\/assemit.com.br\/novo\/index.php?rest_route=\/wp\/v2\/posts\/3886\/revisions\/3888"}],"wp:attachment":[{"href":"https:\/\/assemit.com.br\/novo\/index.php?rest_route=%2Fwp%2Fv2%2Fmedia&parent=3886"}],"wp:term":[{"taxonomy":"category","embeddable":true,"href":"https:\/\/assemit.com.br\/novo\/index.php?rest_route=%2Fwp%2Fv2%2Fcategories&post=3886"},{"taxonomy":"post_tag","embeddable":true,"href":"https:\/\/assemit.com.br\/novo\/index.php?rest_route=%2Fwp%2Fv2%2Ftags&post=3886"}],"curies":[{"name":"wp","href":"https:\/\/api.w.org\/{rel}","templated":true}]}}