{"id":3889,"date":"2024-11-07T16:30:50","date_gmt":"2024-11-07T19:30:50","guid":{"rendered":"https:\/\/assemit.com.br\/novo\/?p=3889"},"modified":"2025-02-26T16:40:17","modified_gmt":"2025-02-26T19:40:17","slug":"reuniao-com-o-presidente-da-facisc","status":"publish","type":"post","link":"https:\/\/assemit.com.br\/novo\/?p=3889","title":{"rendered":"Reuni\u00e3o com o presidente da Facisc"},"content":{"rendered":"\n<p>No dia de ontem, a ASSEMIT recebeu a visita do presidente da FACISC, Sr.Elson Otto, e de sua equipe. Na ocasi\u00e3o, tamb\u00e9m estiveram presentes o presidente da associa\u00e7\u00e3o e seus diretores, al\u00e9m do prefeito municipal de Itapiranga, que recebeu as felicita\u00e7\u00f5es pelo resultado das recentes elei\u00e7\u00f5es. Durante o encontro, foi entregue as demandas do projeto \u201cVoz \u00danica\u201d, uma iniciativa da FACISC que visa dar voz \u00e0s necessidades e prioridades do setor produtivo de Santa Catarina.<\/p>\n\n\n\n<p>Elson Otto refor\u00e7ou o compromisso da FACISC em colaborar com o desenvolvimento da cidade, fortalecendo a parceria entre o setor p\u00fablico e privado. O \u201cVoz \u00danica\u201d representa as principais pautas defendidas pela FACISC junto \u00e0s lideran\u00e7as governamentais, promovendo uma articula\u00e7\u00e3o que visa impulsionar o desenvolvimento econ\u00f4mico sustent\u00e1vel e a melhoria de infraestrutura na regi\u00e3o.<\/p>\n\n\n\n<p>Esse encontro marca mais um passo na colabora\u00e7\u00e3o entre a FACISC, ASSEMIT e a administra\u00e7\u00e3o municipal, com o objetivo de construir uma Itapiranga mais forte e pr\u00f3spera para todos os cidad\u00e3os.<\/p>\n\n\n\n<figure class=\"wp-block-video\"><video height=\"1280\" style=\"aspect-ratio: 720 \/ 1280;\" width=\"720\" controls src=\"https:\/\/assemit.com.br\/novo\/wp-content\/uploads\/2025\/02\/presidente-da-FACISC.mp4\"><\/video><\/figure>\n","protected":false},"excerpt":{"rendered":"<p>No dia de ontem, a ASSEMIT recebeu a visita do presidente da FACISC, Sr.Elson Otto, e de sua equipe. Na ocasi\u00e3o, tamb\u00e9m estiveram presentes o presidente da associa\u00e7\u00e3o e seus diretores, al\u00e9m do prefeito municipal de Itapiranga, que recebeu as [&hellip;]<\/p>\n","protected":false},"author":2,"featured_media":0,"comment_status":"closed","ping_status":"closed","sticky":false,"template":"","format":"standard","meta":{"ngg_post_thumbnail":0,"footnotes":""},"categories":[6],"tags":[],"class_list":["post-3889","post","type-post","status-publish","format-standard","hentry","category-novidades"],"_links":{"self":[{"href":"https:\/\/assemit.com.br\/novo\/index.php?rest_route=\/wp\/v2\/posts\/3889","targetHints":{"allow":["GET"]}}],"collection":[{"href":"https:\/\/assemit.com.br\/novo\/index.php?rest_route=\/wp\/v2\/posts"}],"about":[{"href":"https:\/\/assemit.com.br\/novo\/index.php?rest_route=\/wp\/v2\/types\/post"}],"author":[{"embeddable":true,"href":"https:\/\/assemit.com.br\/novo\/index.php?rest_route=\/wp\/v2\/users\/2"}],"replies":[{"embeddable":true,"href":"https:\/\/assemit.com.br\/novo\/index.php?rest_route=%2Fwp%2Fv2%2Fcomments&post=3889"}],"version-history":[{"count":1,"href":"https:\/\/assemit.com.br\/novo\/index.php?rest_route=\/wp\/v2\/posts\/3889\/revisions"}],"predecessor-version":[{"id":3891,"href":"https:\/\/assemit.com.br\/novo\/index.php?rest_route=\/wp\/v2\/posts\/3889\/revisions\/3891"}],"wp:attachment":[{"href":"https:\/\/assemit.com.br\/novo\/index.php?rest_route=%2Fwp%2Fv2%2Fmedia&parent=3889"}],"wp:term":[{"taxonomy":"category","embeddable":true,"href":"https:\/\/assemit.com.br\/novo\/index.php?rest_route=%2Fwp%2Fv2%2Fcategories&post=3889"},{"taxonomy":"post_tag","embeddable":true,"href":"https:\/\/assemit.com.br\/novo\/index.php?rest_route=%2Fwp%2Fv2%2Ftags&post=3889"}],"curies":[{"name":"wp","href":"https:\/\/api.w.org\/{rel}","templated":true}]}}