{"id":391,"date":"2016-11-22T15:07:50","date_gmt":"2016-11-22T15:07:50","guid":{"rendered":"http:\/\/novo2017.assemit.com.br\/?p=391"},"modified":"2016-11-22T15:07:50","modified_gmt":"2016-11-22T15:07:50","slug":"efrait-2017-inicia-venda-de-estandes","status":"publish","type":"post","link":"https:\/\/assemit.com.br\/novo\/?p=391","title":{"rendered":"Efrait 2017: Inicia venda de estandes"},"content":{"rendered":"<p style=\"margin: 0px 0px 15px; color: #8f8f8f; font-family: Arial, Helvetica, sans-serif; font-size: 13px;\">A partir desta segunda-feira, 21, iniciou a comercializa\u00e7\u00e3o de estandes para a 9\u00aa Efrait \u2013 Exposi\u00e7\u00e3o Feira Agropecu\u00e1ria, Comercial e Industrial de Itapiranga, que acontece de 28 a 30 de abril de 2017, no complexo Oktober.<\/p>\n<p style=\"margin: 15px 0px; color: #8f8f8f; font-family: Arial, Helvetica, sans-serif; font-size: 13px;\">No primeiro momento, a venda est\u00e1 aberta para empresas associadas \u00e0 Assemit, que podem adquirir seu espa\u00e7o com valor especial, parcelado em at\u00e9 cinco vezes sem juros. A comiss\u00e3o organizadora destaca que o objetivo foi mant<span class=\"text_exposed_show\">er praticamente o mesmo valor da edi\u00e7\u00e3o anterior e oferecer mais op\u00e7\u00f5es de parcelamento, o que foi poss\u00edvel devido \u00e0 anteced\u00eancia no in\u00edcio das vendas.<\/span><\/p>\n<p style=\"margin: 15px 0px; color: #8f8f8f; font-family: Arial, Helvetica, sans-serif; font-size: 13px;\"><span class=\"text_exposed_show\">A comiss\u00e3o convida a todos os associados a participarem da feira, que dever\u00e1 repetir o sucesso de neg\u00f3cios e p\u00fablico da \u00faltima edi\u00e7\u00e3o, que ocorreu em 2015. No m\u00eas de dezembro \u2013 em data a ser definida, iniciam as vendas para empresas n\u00e3o associadas e tamb\u00e9m de outros munic\u00edpios.<\/span><\/p>\n<p style=\"margin: 15px 0px; color: #8f8f8f; font-family: Arial, Helvetica, sans-serif; font-size: 13px;\"><span class=\"text_exposed_show\">A comiss\u00e3o destaca tamb\u00e9m que ser\u00e1 cobrado valor diferenciado para empresas de Itapiranga, comparado ao pre\u00e7o praticado para empresas sediadas em outros munic\u00edpios.\u00a0<a class=\"_58cn\" style=\"color: #8f8f8f;\" href=\"https:\/\/www.facebook.com\/hashtag\/efrait2017?source=feed_text&amp;story_id=1149643131796427\" data-ft=\"{&quot;tn&quot;:&quot;*N&quot;,&quot;type&quot;:104}\"><span class=\"_5afx\"><span class=\"_58cl _5afz\">#<\/span><span class=\"_58cm\">Efrait2017<\/span><\/span><\/a><\/span><\/p>\n<p style=\"margin: 15px 0px; color: #8f8f8f; font-family: Arial, Helvetica, sans-serif; font-size: 13px;\">\u00a0<\/p>\n<div class=\"content clearfix\" style=\"color: #8f8f8f; font-family: Arial, Helvetica, sans-serif; font-size: medium; font-style: normal; font-variant-ligatures: normal; font-variant-caps: normal; font-weight: normal; letter-spacing: normal; orphans: 2; text-align: start; text-indent: 0px; text-transform: none; white-space: normal; widows: 2; word-spacing: 0px; -webkit-text-stroke-width: 0px; background-color: #ffffff;\">\n<p style=\"margin: 15px 0px; color: #8f8f8f; font-family: Arial, Helvetica, sans-serif; font-size: 13px;\"><span class=\"text_exposed_show\"><span class=\"_5afx\"><span class=\"_58cm\"><img decoding=\"async\" class=\" size-full wp-image-389\" style=\"border: 0px;\" src=\"http:\/\/novo2017.assemit.com.br\/wp-content\/uploads\/2016\/11\/estandes_internosA.png\" width=\"960\" \/><\/span><\/span><\/span><\/p>\n<p style=\"margin: 15px 0px 0px; color: #8f8f8f; font-family: Arial, Helvetica, sans-serif; font-size: 13px;\"><span class=\"text_exposed_show\"><span class=\"_5afx\"><span class=\"_58cm\"><img decoding=\"async\" class=\" size-full wp-image-390\" style=\"border: 0px;\" src=\"http:\/\/novo2017.assemit.com.br\/wp-content\/uploads\/2016\/11\/estandes_internosC.png\" width=\"960\" \/><\/span><\/span><\/span><\/p>\n<\/p><\/div>\n","protected":false},"excerpt":{"rendered":"<p>A partir desta segunda-feira, 21, iniciou a comercializa\u00e7\u00e3o de estandes para a 9\u00aa Efrait \u2013 Exposi\u00e7\u00e3o Feira Agropecu\u00e1ria, Comercial e Industrial de Itapiranga, que acontece de 28 a 30 de abril de 2017, no complexo Oktober. No primeiro momento, a [&hellip;]<\/p>\n","protected":false},"author":1,"featured_media":389,"comment_status":"open","ping_status":"open","sticky":false,"template":"","format":"standard","meta":{"ngg_post_thumbnail":0,"footnotes":""},"categories":[6],"tags":[],"class_list":["post-391","post","type-post","status-publish","format-standard","has-post-thumbnail","hentry","category-novidades"],"_links":{"self":[{"href":"https:\/\/assemit.com.br\/novo\/index.php?rest_route=\/wp\/v2\/posts\/391","targetHints":{"allow":["GET"]}}],"collection":[{"href":"https:\/\/assemit.com.br\/novo\/index.php?rest_route=\/wp\/v2\/posts"}],"about":[{"href":"https:\/\/assemit.com.br\/novo\/index.php?rest_route=\/wp\/v2\/types\/post"}],"author":[{"embeddable":true,"href":"https:\/\/assemit.com.br\/novo\/index.php?rest_route=\/wp\/v2\/users\/1"}],"replies":[{"embeddable":true,"href":"https:\/\/assemit.com.br\/novo\/index.php?rest_route=%2Fwp%2Fv2%2Fcomments&post=391"}],"version-history":[{"count":0,"href":"https:\/\/assemit.com.br\/novo\/index.php?rest_route=\/wp\/v2\/posts\/391\/revisions"}],"wp:featuredmedia":[{"embeddable":true,"href":"https:\/\/assemit.com.br\/novo\/index.php?rest_route=\/wp\/v2\/media\/389"}],"wp:attachment":[{"href":"https:\/\/assemit.com.br\/novo\/index.php?rest_route=%2Fwp%2Fv2%2Fmedia&parent=391"}],"wp:term":[{"taxonomy":"category","embeddable":true,"href":"https:\/\/assemit.com.br\/novo\/index.php?rest_route=%2Fwp%2Fv2%2Fcategories&post=391"},{"taxonomy":"post_tag","embeddable":true,"href":"https:\/\/assemit.com.br\/novo\/index.php?rest_route=%2Fwp%2Fv2%2Ftags&post=391"}],"curies":[{"name":"wp","href":"https:\/\/api.w.org\/{rel}","templated":true}]}}