{"id":393,"date":"2016-11-17T13:15:15","date_gmt":"2016-11-17T13:15:15","guid":{"rendered":"http:\/\/novo2017.assemit.com.br\/?p=393"},"modified":"2016-11-17T13:15:15","modified_gmt":"2016-11-17T13:15:15","slug":"baile-do-comerciario-e-posse-da-nova-diretoria","status":"publish","type":"post","link":"https:\/\/assemit.com.br\/novo\/?p=393","title":{"rendered":"Baile do comerci\u00e1rio e posse da nova diretoria"},"content":{"rendered":"<p><span style=\"color: #1d2129; font-family: Helvetica, Arial, sans-serif; font-size: 14px;\">Aconteceu no \u00faltimo dia 14\/11 a posse da Diretoria da ASSEMIT, que foi eleita dia 18\/10 em Assembleia Geral Ordin\u00e1ria.\u00a0<\/span><\/p>\n<p><span style=\"color: #1d2129; font-family: Helvetica, Arial, sans-serif; font-size: 14px;\">Ap\u00f3s a posse os associados puderam aproveitar o o tradicional Baile de ASSEMIT, que teve entrega de cestas e certificados de 100% de presen\u00e7a em assembleia, durante o baile aconteceu o tamb\u00e9m tradicional sorteio de pr\u00eamios entre os colaboradores de empresas associadas. <\/span><\/p>\n<p><span style=\"color: #1d2129; font-family: Helvetica, Arial, sans-serif; font-size: 14px;\">A anima\u00e7\u00e3o foi por conta da dupla Jorge e L\u00e9o, que surpreendeu, conquistando o publico.<img loading=\"lazy\" decoding=\"async\" class=\" size-full wp-image-392\" src=\"http:\/\/novo2017.assemit.com.br\/wp-content\/uploads\/2016\/11\/15003251_1846167555620919_7637451157568882372_o.jpg\" alt=\"\" width=\"1920\" height=\"1280\" srcset=\"https:\/\/assemit.com.br\/novo\/wp-content\/uploads\/2016\/11\/15003251_1846167555620919_7637451157568882372_o.jpg 1920w, https:\/\/assemit.com.br\/novo\/wp-content\/uploads\/2016\/11\/15003251_1846167555620919_7637451157568882372_o-300x200.jpg 300w, https:\/\/assemit.com.br\/novo\/wp-content\/uploads\/2016\/11\/15003251_1846167555620919_7637451157568882372_o-768x512.jpg 768w, https:\/\/assemit.com.br\/novo\/wp-content\/uploads\/2016\/11\/15003251_1846167555620919_7637451157568882372_o-1024x683.jpg 1024w, https:\/\/assemit.com.br\/novo\/wp-content\/uploads\/2016\/11\/15003251_1846167555620919_7637451157568882372_o-619x413.jpg 619w\" sizes=\"auto, (max-width: 1920px) 100vw, 1920px\" \/><\/span><\/p>\n<p>\u00a0<\/p>\n","protected":false},"excerpt":{"rendered":"<p>Aconteceu no \u00faltimo dia 14\/11 a posse da Diretoria da ASSEMIT, que foi eleita dia 18\/10 em Assembleia Geral Ordin\u00e1ria.\u00a0 Ap\u00f3s a posse os associados puderam aproveitar o o tradicional Baile de ASSEMIT, que teve entrega de cestas e certificados [&hellip;]<\/p>\n","protected":false},"author":1,"featured_media":392,"comment_status":"open","ping_status":"open","sticky":false,"template":"","format":"standard","meta":{"ngg_post_thumbnail":0,"footnotes":""},"categories":[6],"tags":[],"class_list":["post-393","post","type-post","status-publish","format-standard","has-post-thumbnail","hentry","category-novidades"],"_links":{"self":[{"href":"https:\/\/assemit.com.br\/novo\/index.php?rest_route=\/wp\/v2\/posts\/393","targetHints":{"allow":["GET"]}}],"collection":[{"href":"https:\/\/assemit.com.br\/novo\/index.php?rest_route=\/wp\/v2\/posts"}],"about":[{"href":"https:\/\/assemit.com.br\/novo\/index.php?rest_route=\/wp\/v2\/types\/post"}],"author":[{"embeddable":true,"href":"https:\/\/assemit.com.br\/novo\/index.php?rest_route=\/wp\/v2\/users\/1"}],"replies":[{"embeddable":true,"href":"https:\/\/assemit.com.br\/novo\/index.php?rest_route=%2Fwp%2Fv2%2Fcomments&post=393"}],"version-history":[{"count":0,"href":"https:\/\/assemit.com.br\/novo\/index.php?rest_route=\/wp\/v2\/posts\/393\/revisions"}],"wp:featuredmedia":[{"embeddable":true,"href":"https:\/\/assemit.com.br\/novo\/index.php?rest_route=\/wp\/v2\/media\/392"}],"wp:attachment":[{"href":"https:\/\/assemit.com.br\/novo\/index.php?rest_route=%2Fwp%2Fv2%2Fmedia&parent=393"}],"wp:term":[{"taxonomy":"category","embeddable":true,"href":"https:\/\/assemit.com.br\/novo\/index.php?rest_route=%2Fwp%2Fv2%2Fcategories&post=393"},{"taxonomy":"post_tag","embeddable":true,"href":"https:\/\/assemit.com.br\/novo\/index.php?rest_route=%2Fwp%2Fv2%2Ftags&post=393"}],"curies":[{"name":"wp","href":"https:\/\/api.w.org\/{rel}","templated":true}]}}