{"id":3948,"date":"2025-03-21T09:44:50","date_gmt":"2025-03-21T12:44:50","guid":{"rendered":"https:\/\/assemit.com.br\/novo\/?p=3948"},"modified":"2025-03-27T09:46:33","modified_gmt":"2025-03-27T12:46:33","slug":"santa-catarina-ganha-um-retrato-inedito-do-agronegocio-com-o-lancamento-do-mapa-do-agro","status":"publish","type":"post","link":"https:\/\/assemit.com.br\/novo\/?p=3948","title":{"rendered":"Santa Catarina ganha um retrato in\u00e9dito do agroneg\u00f3cio com o lan\u00e7amento do Mapa do Agro"},"content":{"rendered":"\n<p>Na pr\u00f3xima ter\u00e7a-feira (25), a Federa\u00e7\u00e3o das Associa\u00e7\u00f5es Empresariais de Santa Catarina (FACISC) lan\u00e7ar\u00e1 oficialmente o Mapa do Agroneg\u00f3cio Catarinense, um estudo in\u00e9dito que detalha os n\u00fameros do agroneg\u00f3cio, al\u00e9m de seu impacto e evolu\u00e7\u00e3o na \u00faltima decada. O evento acontecer\u00e1 na Unochapec\u00f3, em Chapec\u00f3, \u00e0s 17h30, e ser\u00e1 realizado em conjunto com as Plen\u00e1rias Regionais Oeste, Extremo Oeste e Noroeste da Federa\u00e7\u00e3o.<\/p>\n\n\n\n<p>O levantamento re\u00fane dados do Instituto Brasileiro de Geografia e Estat\u00edstica (IBGE), do Minist\u00e9rio do Desenvolvimento, Ind\u00fastria, Com\u00e9rcio e Servi\u00e7os (MDIC) e do Minist\u00e9rio do Trabalho e Emprego (MTE), oferecendo um panorama detalhado da produ\u00e7\u00e3o agr\u00edcola, do rebanho, das exporta\u00e7\u00f5es e dos principais polos do estado.<\/p>\n\n\n\n<p>Segundo o presidente da FACISC, Elson Otto, o estudo \u00e9 um marco para a valoriza\u00e7\u00e3o do agroneg\u00f3cio catarinense. \u201cNosso objetivo \u00e9 quantificar e dar visibilidade a este setor que \u00e9 essencial para a gera\u00e7\u00e3o de emprego, renda e competitividade global de Santa Catarina. Queremos mostrar a for\u00e7a do nosso estado no cen\u00e1rio nacional e internacional, al\u00e9m de fornecer dados estrat\u00e9gicos para o planejamento e desenvolvimento do setor.\u201d<\/p>\n\n\n\n<p><strong>Um retrato detalhado da economia rural catarinense<\/strong><\/p>\n\n\n\n<p>O Mapa do Agroneg\u00f3cio Catarinense destaca o papel do setor prim\u00e1rio (agricultura, pecu\u00e1ria e silvicultura), do setor secund\u00e1rio (como a ind\u00fastria t\u00eaxtil, de papel, de alimentos, bebidas e insumos agr\u00edcolas) e do setor terci\u00e1rio (servi\u00e7os especializados, com\u00e9rcio e distribui\u00e7\u00e3o), evidenciando a import\u00e2ncia da agroind\u00fastria na cadeia produtiva.<\/p>\n\n\n\n<p>Al\u00e9m de apresentar a evolu\u00e7\u00e3o da produ\u00e7\u00e3o e exporta\u00e7\u00e3o ao longo da \u00faltima d\u00e9cada, o estudo tamb\u00e9m aponta produtos estrat\u00e9gicos do estado, independentemente de seu peso na balan\u00e7a comercial brasileira. Essa abordagem inovadora ajuda a identificar diferenciais e potenciais pouco explorados do agroneg\u00f3cio catarinense.<\/p>\n\n\n\n<p>Para o diretor de Ferrovias e do Agroneg\u00f3cio da FACISC, Lenoir Broch, os dados revelam a necessidade de investimentos em infraestrutura e log\u00edstica para fortalecer o setor. \u201cO agroneg\u00f3cio catarinense \u00e9 altamente competitivo e um dos mais diversificados do pa\u00eds, mas enfrenta desafios log\u00edsticos que impactam sua efici\u00eancia. Com esse estudo, podemos entender melhor onde est\u00e3o as oportunidades e os gargalos, e direcionar esfor\u00e7os para melhorar a competitividade do estado.\u201d<\/p>\n\n\n\n<p><strong>Destaques da pesquisa<\/strong><\/p>\n\n\n\n<p>O estudo faz uma an\u00e1lise detalhada da competitividade nacional e internacional do agroneg\u00f3cio catarinense. Os dados de 2023 mostram a posi\u00e7\u00e3o do estado no mercado interno, enquanto os n\u00fameros de 2024 destacam sua performance global.<\/p>\n\n\n\n<p>Al\u00e9m disso, o levantamento traz um cap\u00edtulo sobre a competitividade internacional dos munic\u00edpios, analisando se os locais de produ\u00e7\u00e3o s\u00e3o tamb\u00e9m aqueles que realizam os despachos de exporta\u00e7\u00e3o. Essa abordagem permite identificar poss\u00edveis distor\u00e7\u00f5es na arrecada\u00e7\u00e3o de impostos entre zonas alfandeg\u00e1rias e os munic\u00edpios produtores.<\/p>\n\n\n\n<p>Com a divulga\u00e7\u00e3o do Mapa do Agroneg\u00f3cio, a FACISC refor\u00e7a seu compromisso com pr\u00e1ticas que incentivem o crescimento e desenvolvimento sustent\u00e1vel do setor. \u201cEste \u00e9 um passo fundamental para impulsionar pol\u00edticas p\u00fablicas e a\u00e7\u00f5es empresariais que fortale\u00e7am ainda mais o agroneg\u00f3cio catarinense,\u201d finaliza Otto.<\/p>\n","protected":false},"excerpt":{"rendered":"<p>Na pr\u00f3xima ter\u00e7a-feira (25), a Federa\u00e7\u00e3o das Associa\u00e7\u00f5es Empresariais de Santa Catarina (FACISC) lan\u00e7ar\u00e1 oficialmente o Mapa do Agroneg\u00f3cio Catarinense, um estudo in\u00e9dito que detalha os n\u00fameros do agroneg\u00f3cio, al\u00e9m de seu impacto e evolu\u00e7\u00e3o na \u00faltima decada. O evento [&hellip;]<\/p>\n","protected":false},"author":2,"featured_media":3949,"comment_status":"closed","ping_status":"closed","sticky":false,"template":"","format":"standard","meta":{"ngg_post_thumbnail":0,"footnotes":""},"categories":[6],"tags":[],"class_list":["post-3948","post","type-post","status-publish","format-standard","has-post-thumbnail","hentry","category-novidades"],"_links":{"self":[{"href":"https:\/\/assemit.com.br\/novo\/index.php?rest_route=\/wp\/v2\/posts\/3948","targetHints":{"allow":["GET"]}}],"collection":[{"href":"https:\/\/assemit.com.br\/novo\/index.php?rest_route=\/wp\/v2\/posts"}],"about":[{"href":"https:\/\/assemit.com.br\/novo\/index.php?rest_route=\/wp\/v2\/types\/post"}],"author":[{"embeddable":true,"href":"https:\/\/assemit.com.br\/novo\/index.php?rest_route=\/wp\/v2\/users\/2"}],"replies":[{"embeddable":true,"href":"https:\/\/assemit.com.br\/novo\/index.php?rest_route=%2Fwp%2Fv2%2Fcomments&post=3948"}],"version-history":[{"count":1,"href":"https:\/\/assemit.com.br\/novo\/index.php?rest_route=\/wp\/v2\/posts\/3948\/revisions"}],"predecessor-version":[{"id":3950,"href":"https:\/\/assemit.com.br\/novo\/index.php?rest_route=\/wp\/v2\/posts\/3948\/revisions\/3950"}],"wp:featuredmedia":[{"embeddable":true,"href":"https:\/\/assemit.com.br\/novo\/index.php?rest_route=\/wp\/v2\/media\/3949"}],"wp:attachment":[{"href":"https:\/\/assemit.com.br\/novo\/index.php?rest_route=%2Fwp%2Fv2%2Fmedia&parent=3948"}],"wp:term":[{"taxonomy":"category","embeddable":true,"href":"https:\/\/assemit.com.br\/novo\/index.php?rest_route=%2Fwp%2Fv2%2Fcategories&post=3948"},{"taxonomy":"post_tag","embeddable":true,"href":"https:\/\/assemit.com.br\/novo\/index.php?rest_route=%2Fwp%2Fv2%2Ftags&post=3948"}],"curies":[{"name":"wp","href":"https:\/\/api.w.org\/{rel}","templated":true}]}}