{"id":396,"date":"2016-11-25T13:12:34","date_gmt":"2016-11-25T13:12:34","guid":{"rendered":"http:\/\/novo2017.assemit.com.br\/?p=396"},"modified":"2017-08-06T14:07:35","modified_gmt":"2017-08-06T17:07:35","slug":"nova-diretoria-se-reune-para-planejamento-das-atividades-de-2017","status":"publish","type":"post","link":"https:\/\/assemit.com.br\/novo\/?p=396","title":{"rendered":"Nova diretoria se re\u00fane para planejamento das atividades de 2017"},"content":{"rendered":"<p style=\"margin: 0px 0px 6px;\">Na manh\u00e3 desta sexta-feira (25\/11) esteve reunida na sala de Reuni\u00f5es da Assemit a Diretoria Tri\u00eanio 2017 a 2019. A reuni\u00e3o teve como pauta a elabora\u00e7\u00e3o do planejamento 2017. O pr\u00f3ximo passo ser\u00e1 a estrutura\u00e7\u00e3o do plano de a\u00e7\u00e3o.<\/p>\n<p style=\"margin: 0px 0px 6px;\">Muitas ideias, sugest\u00f5es e atividades foram debatidas, al\u00e9m dos eventos j\u00e1 consolidados que a entidade desenvolve.<\/p>\n<p style=\"margin: 0px 0px 6px;\">&#8220;Com a casa cheia, foi poss\u00edvel iniciar nosso planejamento, \u00e9 necess\u00e1rio auxilio da diretoria e associados para colocar em pr\u00e1tica. Na primeira assembleia de 2017 ser\u00e1 apresentado aos associados o planejamento da entidade&#8221;, desta\u00a0o novo presidente Clemente Schnorrenberger.<\/p>\n<p style=\"margin: 0px 0px 6px;\"><img loading=\"lazy\" decoding=\"async\" class=\" size-full wp-image-394\" src=\"http:\/\/novo2017.assemit.com.br\/wp-content\/uploads\/2016\/11\/assemit25112016.jpg\" alt=\"\" width=\"1920\" height=\"1280\" srcset=\"https:\/\/assemit.com.br\/novo\/wp-content\/uploads\/2016\/11\/assemit25112016.jpg 1920w, https:\/\/assemit.com.br\/novo\/wp-content\/uploads\/2016\/11\/assemit25112016-300x200.jpg 300w, https:\/\/assemit.com.br\/novo\/wp-content\/uploads\/2016\/11\/assemit25112016-768x512.jpg 768w, https:\/\/assemit.com.br\/novo\/wp-content\/uploads\/2016\/11\/assemit25112016-1024x683.jpg 1024w, https:\/\/assemit.com.br\/novo\/wp-content\/uploads\/2016\/11\/assemit25112016-619x413.jpg 619w\" sizes=\"auto, (max-width: 1920px) 100vw, 1920px\" \/><\/p>\n<p style=\"margin: 0px 0px 6px;\"><img loading=\"lazy\" decoding=\"async\" class=\" size-full wp-image-395\" src=\"http:\/\/novo2017.assemit.com.br\/wp-content\/uploads\/2016\/11\/assemit251120161.jpg\" alt=\"\" width=\"1920\" height=\"1280\" srcset=\"https:\/\/assemit.com.br\/novo\/wp-content\/uploads\/2016\/11\/assemit251120161.jpg 1920w, https:\/\/assemit.com.br\/novo\/wp-content\/uploads\/2016\/11\/assemit251120161-300x200.jpg 300w, https:\/\/assemit.com.br\/novo\/wp-content\/uploads\/2016\/11\/assemit251120161-768x512.jpg 768w, https:\/\/assemit.com.br\/novo\/wp-content\/uploads\/2016\/11\/assemit251120161-1024x683.jpg 1024w, https:\/\/assemit.com.br\/novo\/wp-content\/uploads\/2016\/11\/assemit251120161-619x413.jpg 619w\" sizes=\"auto, (max-width: 1920px) 100vw, 1920px\" \/><\/p>\n<p style=\"margin: 0px 0px 6px; font-family: Helvetica, Arial, sans-serif; color: #1d2129; font-size: 14px;\">\n","protected":false},"excerpt":{"rendered":"<p>Na manh\u00e3 desta sexta-feira (25\/11) esteve reunida na sala de Reuni\u00f5es da Assemit a Diretoria Tri\u00eanio 2017 a 2019. A reuni\u00e3o teve como pauta a elabora\u00e7\u00e3o do planejamento 2017. O pr\u00f3ximo passo ser\u00e1 a estrutura\u00e7\u00e3o do plano de a\u00e7\u00e3o. Muitas [&hellip;]<\/p>\n","protected":false},"author":1,"featured_media":0,"comment_status":"closed","ping_status":"closed","sticky":false,"template":"","format":"standard","meta":{"ngg_post_thumbnail":0,"footnotes":""},"categories":[6],"tags":[],"class_list":["post-396","post","type-post","status-publish","format-standard","hentry","category-novidades"],"_links":{"self":[{"href":"https:\/\/assemit.com.br\/novo\/index.php?rest_route=\/wp\/v2\/posts\/396","targetHints":{"allow":["GET"]}}],"collection":[{"href":"https:\/\/assemit.com.br\/novo\/index.php?rest_route=\/wp\/v2\/posts"}],"about":[{"href":"https:\/\/assemit.com.br\/novo\/index.php?rest_route=\/wp\/v2\/types\/post"}],"author":[{"embeddable":true,"href":"https:\/\/assemit.com.br\/novo\/index.php?rest_route=\/wp\/v2\/users\/1"}],"replies":[{"embeddable":true,"href":"https:\/\/assemit.com.br\/novo\/index.php?rest_route=%2Fwp%2Fv2%2Fcomments&post=396"}],"version-history":[{"count":1,"href":"https:\/\/assemit.com.br\/novo\/index.php?rest_route=\/wp\/v2\/posts\/396\/revisions"}],"predecessor-version":[{"id":476,"href":"https:\/\/assemit.com.br\/novo\/index.php?rest_route=\/wp\/v2\/posts\/396\/revisions\/476"}],"wp:attachment":[{"href":"https:\/\/assemit.com.br\/novo\/index.php?rest_route=%2Fwp%2Fv2%2Fmedia&parent=396"}],"wp:term":[{"taxonomy":"category","embeddable":true,"href":"https:\/\/assemit.com.br\/novo\/index.php?rest_route=%2Fwp%2Fv2%2Fcategories&post=396"},{"taxonomy":"post_tag","embeddable":true,"href":"https:\/\/assemit.com.br\/novo\/index.php?rest_route=%2Fwp%2Fv2%2Ftags&post=396"}],"curies":[{"name":"wp","href":"https:\/\/api.w.org\/{rel}","templated":true}]}}