{"id":3965,"date":"2025-04-08T10:07:39","date_gmt":"2025-04-08T13:07:39","guid":{"rendered":"https:\/\/assemit.com.br\/novo\/?p=3965"},"modified":"2025-04-10T10:14:32","modified_gmt":"2025-04-10T13:14:32","slug":"projeto-pan-e-tema-de-reuniao-dos-nucleos","status":"publish","type":"post","link":"https:\/\/assemit.com.br\/novo\/?p=3965","title":{"rendered":"Projeto PAN \u00e9 tema de reuni\u00e3o dos N\u00facleos"},"content":{"rendered":"\n<p>No dia de ontem, 7 de abril, a ASSEMIT recebeu alguns membros da coordena\u00e7\u00e3o dos n\u00facleos empresariais e a consultora regional do Programa Empreender, Simone Klunk, para uma reuni\u00e3o estrat\u00e9gica com o intuito de alinhar as diretrizes do Projeto PAN. <\/p>\n\n\n\n<p>O Programa de Acelera\u00e7\u00e3o de N\u00facleos Empresariais (PAN), uma iniciativa conjunta da FACISC e do Sebrae\/SC, busca aumentar a competitividade de micro e pequenas empresas por meio de projetos focados em produtividade, gest\u00e3o empresarial e acesso ao mercado. <\/p>\n\n\n\n<p>A participa\u00e7\u00e3o ativa da Simone e Carla, respons\u00e1vel pela consultoria de n\u00facleos da ASSEMIT, refor\u00e7a o compromisso com o desenvolvimento e fortalecimento dos n\u00facleos empresariais locais.<\/p>\n\n\n\n<p><\/p>\n","protected":false},"excerpt":{"rendered":"<p>No dia de ontem, 7 de abril, a ASSEMIT recebeu alguns membros da coordena\u00e7\u00e3o dos n\u00facleos empresariais e a consultora regional do Programa Empreender, Simone Klunk, para uma reuni\u00e3o estrat\u00e9gica com o intuito de alinhar as diretrizes do Projeto PAN. [&hellip;]<\/p>\n","protected":false},"author":2,"featured_media":3966,"comment_status":"closed","ping_status":"closed","sticky":false,"template":"","format":"standard","meta":{"ngg_post_thumbnail":0,"footnotes":""},"categories":[6],"tags":[],"class_list":["post-3965","post","type-post","status-publish","format-standard","has-post-thumbnail","hentry","category-novidades"],"_links":{"self":[{"href":"https:\/\/assemit.com.br\/novo\/index.php?rest_route=\/wp\/v2\/posts\/3965","targetHints":{"allow":["GET"]}}],"collection":[{"href":"https:\/\/assemit.com.br\/novo\/index.php?rest_route=\/wp\/v2\/posts"}],"about":[{"href":"https:\/\/assemit.com.br\/novo\/index.php?rest_route=\/wp\/v2\/types\/post"}],"author":[{"embeddable":true,"href":"https:\/\/assemit.com.br\/novo\/index.php?rest_route=\/wp\/v2\/users\/2"}],"replies":[{"embeddable":true,"href":"https:\/\/assemit.com.br\/novo\/index.php?rest_route=%2Fwp%2Fv2%2Fcomments&post=3965"}],"version-history":[{"count":1,"href":"https:\/\/assemit.com.br\/novo\/index.php?rest_route=\/wp\/v2\/posts\/3965\/revisions"}],"predecessor-version":[{"id":3967,"href":"https:\/\/assemit.com.br\/novo\/index.php?rest_route=\/wp\/v2\/posts\/3965\/revisions\/3967"}],"wp:featuredmedia":[{"embeddable":true,"href":"https:\/\/assemit.com.br\/novo\/index.php?rest_route=\/wp\/v2\/media\/3966"}],"wp:attachment":[{"href":"https:\/\/assemit.com.br\/novo\/index.php?rest_route=%2Fwp%2Fv2%2Fmedia&parent=3965"}],"wp:term":[{"taxonomy":"category","embeddable":true,"href":"https:\/\/assemit.com.br\/novo\/index.php?rest_route=%2Fwp%2Fv2%2Fcategories&post=3965"},{"taxonomy":"post_tag","embeddable":true,"href":"https:\/\/assemit.com.br\/novo\/index.php?rest_route=%2Fwp%2Fv2%2Ftags&post=3965"}],"curies":[{"name":"wp","href":"https:\/\/api.w.org\/{rel}","templated":true}]}}