{"id":3968,"date":"2025-04-11T10:10:18","date_gmt":"2025-04-11T13:10:18","guid":{"rendered":"https:\/\/assemit.com.br\/novo\/?p=3968"},"modified":"2025-04-14T13:21:24","modified_gmt":"2025-04-14T16:21:24","slug":"uniao-que-constroi-pontes","status":"publish","type":"post","link":"https:\/\/assemit.com.br\/novo\/?p=3968","title":{"rendered":"Uni\u00e3o que constr\u00f3i pontes"},"content":{"rendered":"\n<p>Na tarde desta quinta-feira, 10 de abril, o Clube Comunit\u00e1rio de Barra do Guarita (RS) foi palco de uma importante reuni\u00e3o com lideran\u00e7as pol\u00edticas, empresariais e representantes de diversas entidades de Santa Catarina e Rio Grande do Sul. O encontro teve como foco o andamento do projeto da ponte sobre o Rio Uruguai, que ligar\u00e1 os munic\u00edpios de Itapiranga (SC) e Barra do Guarita (RS).<\/p>\n\n\n\n<p>A mobiliza\u00e7\u00e3o \u00e9 liderada pelo Movimento Pr\u00f3-Ponte, que vem articulando for\u00e7as para transformar esse sonho antigo em realidade.<\/p>\n\n\n\n<p>Francelino Ribeiro, presidente da Assemit, refor\u00e7ou que a ponte \u00e9 uma realidade em constru\u00e7\u00e3o e destacou que \u201ctoda a\u00e7\u00e3o gera uma rea\u00e7\u00e3o\u201d. Segundo ele, mais do que esperar, \u00e9 hora de agir e pressionar por avan\u00e7os. \u201cA ponte \u00e9 fato consumado. Bras\u00edlia, n\u00f3s estamos aqui\u201d, declarou com firmeza, refor\u00e7ando a import\u00e2ncia da uni\u00e3o das lideran\u00e7as e da presen\u00e7a ativa no processo.<\/p>\n\n\n\n<p>Maikel Marciel Frey, Diretor regional das solu\u00e7\u00f5es empresariais da FACISC, destacou o papel fundamental da mobiliza\u00e7\u00e3o conjunta entre munic\u00edpios, estados e entidades para promover o desenvolvimento regional e a integra\u00e7\u00e3o nacional. Ressaltou que a FACISC e a ASSEMIT seguem atuando fortemente em prol desse projeto estrat\u00e9gico.<\/p>\n\n\n\n<p>O prefeito de Itapiranga, Alexandre Gomes Ribas, tamb\u00e9m esteve presente e frisou que a obra trar\u00e1 impactos significativos n\u00e3o apenas para os munic\u00edpios diretamente envolvidos, mas para toda a microrregi\u00e3o. Segundo ele, o projeto executivo est\u00e1 avan\u00e7ando e a expectativa \u00e9 de que entre em fase de licita\u00e7\u00e3o ainda em 2025.<\/p>\n\n\n\n<p>A uni\u00e3o entre RS e SC est\u00e1 mais forte do que nunca \u2014 e a ponte \u00e9 s\u00edmbolo desse compromisso com o futuro!<\/p>\n\n\n\n<figure class=\"wp-block-video\"><video height=\"1280\" style=\"aspect-ratio: 720 \/ 1280;\" width=\"720\" controls src=\"https:\/\/assemit.com.br\/novo\/wp-content\/uploads\/2025\/04\/Uniao-que-constroi-pontes.mp4\"><\/video><\/figure>\n","protected":false},"excerpt":{"rendered":"<p>Na tarde desta quinta-feira, 10 de abril, o Clube Comunit\u00e1rio de Barra do Guarita (RS) foi palco de uma importante reuni\u00e3o com lideran\u00e7as pol\u00edticas, empresariais e representantes de diversas entidades de Santa Catarina e Rio Grande do Sul. O encontro [&hellip;]<\/p>\n","protected":false},"author":2,"featured_media":3984,"comment_status":"closed","ping_status":"closed","sticky":false,"template":"","format":"standard","meta":{"ngg_post_thumbnail":0,"footnotes":""},"categories":[6],"tags":[],"class_list":["post-3968","post","type-post","status-publish","format-standard","has-post-thumbnail","hentry","category-novidades"],"_links":{"self":[{"href":"https:\/\/assemit.com.br\/novo\/index.php?rest_route=\/wp\/v2\/posts\/3968","targetHints":{"allow":["GET"]}}],"collection":[{"href":"https:\/\/assemit.com.br\/novo\/index.php?rest_route=\/wp\/v2\/posts"}],"about":[{"href":"https:\/\/assemit.com.br\/novo\/index.php?rest_route=\/wp\/v2\/types\/post"}],"author":[{"embeddable":true,"href":"https:\/\/assemit.com.br\/novo\/index.php?rest_route=\/wp\/v2\/users\/2"}],"replies":[{"embeddable":true,"href":"https:\/\/assemit.com.br\/novo\/index.php?rest_route=%2Fwp%2Fv2%2Fcomments&post=3968"}],"version-history":[{"count":1,"href":"https:\/\/assemit.com.br\/novo\/index.php?rest_route=\/wp\/v2\/posts\/3968\/revisions"}],"predecessor-version":[{"id":3970,"href":"https:\/\/assemit.com.br\/novo\/index.php?rest_route=\/wp\/v2\/posts\/3968\/revisions\/3970"}],"wp:featuredmedia":[{"embeddable":true,"href":"https:\/\/assemit.com.br\/novo\/index.php?rest_route=\/wp\/v2\/media\/3984"}],"wp:attachment":[{"href":"https:\/\/assemit.com.br\/novo\/index.php?rest_route=%2Fwp%2Fv2%2Fmedia&parent=3968"}],"wp:term":[{"taxonomy":"category","embeddable":true,"href":"https:\/\/assemit.com.br\/novo\/index.php?rest_route=%2Fwp%2Fv2%2Fcategories&post=3968"},{"taxonomy":"post_tag","embeddable":true,"href":"https:\/\/assemit.com.br\/novo\/index.php?rest_route=%2Fwp%2Fv2%2Ftags&post=3968"}],"curies":[{"name":"wp","href":"https:\/\/api.w.org\/{rel}","templated":true}]}}