{"id":3986,"date":"2025-04-23T14:34:35","date_gmt":"2025-04-23T17:34:35","guid":{"rendered":"https:\/\/assemit.com.br\/novo\/?p=3986"},"modified":"2025-05-02T09:45:39","modified_gmt":"2025-05-02T12:45:39","slug":"capacitacao-em-foco","status":"publish","type":"post","link":"https:\/\/assemit.com.br\/novo\/?p=3986","title":{"rendered":"Capacita\u00e7\u00e3o em foco!"},"content":{"rendered":"\n<p>Nossa colaboradora Carla Klein est\u00e1 participando, nos dias 22 e 23 de abril, do Projeto ONE \u2013 Onboarding &#x1f680;, promovido pela FACISC em parceria com a CACB &#x1f91d;, voltado aos Executivos J\u00fanior das associa\u00e7\u00f5es empresariais .<\/p>\n\n\n\n<p>O semin\u00e1rio discute as 8 \u00e1reas de gest\u00e3o do Programa A+, os desafios enfrentados pelas associa\u00e7\u00f5es, al\u00e9m de abordar temas essenciais como cultura associativista , lideran\u00e7a e boas pr\u00e1ticas de gest\u00e3o&#x1f4a1;.<\/p>\n\n\n\n<p>Um momento rico de aprendizado e integra\u00e7\u00e3o, que fortalece ainda mais a atua\u00e7\u00e3o da Assemit em prol de seus associados! &#x1f49a;<\/p>\n\n\n\n<figure class=\"wp-block-gallery has-nested-images columns-default is-cropped wp-block-gallery-1 is-layout-flex wp-block-gallery-is-layout-flex\">\n<figure class=\"wp-block-image size-large\"><a href=\"https:\/\/assemit.com.br\/novo\/wp-content\/uploads\/2025\/04\/Capacitacao.webp\"><img loading=\"lazy\" decoding=\"async\" width=\"1024\" height=\"1024\" data-id=\"3988\" src=\"https:\/\/assemit.com.br\/novo\/wp-content\/uploads\/2025\/04\/Capacitacao-1024x1024.webp\" alt=\"\" class=\"wp-image-3988\" srcset=\"https:\/\/assemit.com.br\/novo\/wp-content\/uploads\/2025\/04\/Capacitacao-1024x1024.webp 1024w, https:\/\/assemit.com.br\/novo\/wp-content\/uploads\/2025\/04\/Capacitacao-300x300.webp 300w, https:\/\/assemit.com.br\/novo\/wp-content\/uploads\/2025\/04\/Capacitacao-150x150.webp 150w, https:\/\/assemit.com.br\/novo\/wp-content\/uploads\/2025\/04\/Capacitacao-768x768.webp 768w, https:\/\/assemit.com.br\/novo\/wp-content\/uploads\/2025\/04\/Capacitacao.webp 1080w\" sizes=\"auto, (max-width: 1024px) 100vw, 1024px\" \/><\/a><\/figure>\n\n\n\n<figure class=\"wp-block-image size-large\"><a href=\"https:\/\/assemit.com.br\/novo\/wp-content\/uploads\/2025\/04\/Capacitacao1-2.webp\"><img loading=\"lazy\" decoding=\"async\" width=\"1024\" height=\"1024\" data-id=\"3987\" src=\"https:\/\/assemit.com.br\/novo\/wp-content\/uploads\/2025\/04\/Capacitacao1-2-1024x1024.webp\" alt=\"\" class=\"wp-image-3987\" srcset=\"https:\/\/assemit.com.br\/novo\/wp-content\/uploads\/2025\/04\/Capacitacao1-2-1024x1024.webp 1024w, https:\/\/assemit.com.br\/novo\/wp-content\/uploads\/2025\/04\/Capacitacao1-2-300x300.webp 300w, https:\/\/assemit.com.br\/novo\/wp-content\/uploads\/2025\/04\/Capacitacao1-2-150x150.webp 150w, https:\/\/assemit.com.br\/novo\/wp-content\/uploads\/2025\/04\/Capacitacao1-2-768x768.webp 768w, https:\/\/assemit.com.br\/novo\/wp-content\/uploads\/2025\/04\/Capacitacao1-2.webp 1080w\" sizes=\"auto, (max-width: 1024px) 100vw, 1024px\" \/><\/a><\/figure>\n<\/figure>\n","protected":false},"excerpt":{"rendered":"<p>Nossa colaboradora Carla Klein est\u00e1 participando, nos dias 22 e 23 de abril, do Projeto ONE \u2013 Onboarding &#x1f680;, promovido pela FACISC em parceria com a CACB &#x1f91d;, voltado aos Executivos J\u00fanior das associa\u00e7\u00f5es empresariais . O semin\u00e1rio discute as [&hellip;]<\/p>\n","protected":false},"author":2,"featured_media":3988,"comment_status":"closed","ping_status":"closed","sticky":false,"template":"","format":"standard","meta":{"ngg_post_thumbnail":0,"footnotes":""},"categories":[6],"tags":[],"class_list":["post-3986","post","type-post","status-publish","format-standard","has-post-thumbnail","hentry","category-novidades"],"_links":{"self":[{"href":"https:\/\/assemit.com.br\/novo\/index.php?rest_route=\/wp\/v2\/posts\/3986","targetHints":{"allow":["GET"]}}],"collection":[{"href":"https:\/\/assemit.com.br\/novo\/index.php?rest_route=\/wp\/v2\/posts"}],"about":[{"href":"https:\/\/assemit.com.br\/novo\/index.php?rest_route=\/wp\/v2\/types\/post"}],"author":[{"embeddable":true,"href":"https:\/\/assemit.com.br\/novo\/index.php?rest_route=\/wp\/v2\/users\/2"}],"replies":[{"embeddable":true,"href":"https:\/\/assemit.com.br\/novo\/index.php?rest_route=%2Fwp%2Fv2%2Fcomments&post=3986"}],"version-history":[{"count":1,"href":"https:\/\/assemit.com.br\/novo\/index.php?rest_route=\/wp\/v2\/posts\/3986\/revisions"}],"predecessor-version":[{"id":3989,"href":"https:\/\/assemit.com.br\/novo\/index.php?rest_route=\/wp\/v2\/posts\/3986\/revisions\/3989"}],"wp:featuredmedia":[{"embeddable":true,"href":"https:\/\/assemit.com.br\/novo\/index.php?rest_route=\/wp\/v2\/media\/3988"}],"wp:attachment":[{"href":"https:\/\/assemit.com.br\/novo\/index.php?rest_route=%2Fwp%2Fv2%2Fmedia&parent=3986"}],"wp:term":[{"taxonomy":"category","embeddable":true,"href":"https:\/\/assemit.com.br\/novo\/index.php?rest_route=%2Fwp%2Fv2%2Fcategories&post=3986"},{"taxonomy":"post_tag","embeddable":true,"href":"https:\/\/assemit.com.br\/novo\/index.php?rest_route=%2Fwp%2Fv2%2Ftags&post=3986"}],"curies":[{"name":"wp","href":"https:\/\/api.w.org\/{rel}","templated":true}]}}