{"id":3994,"date":"2025-05-01T09:49:08","date_gmt":"2025-05-01T12:49:08","guid":{"rendered":"https:\/\/assemit.com.br\/novo\/?p=3994"},"modified":"2025-05-02T10:17:27","modified_gmt":"2025-05-02T13:17:27","slug":"assemit-lanca-o-nucleo-do-agro","status":"publish","type":"post","link":"https:\/\/assemit.com.br\/novo\/?p=3994","title":{"rendered":"ASSEMIT lan\u00e7a o N\u00facleo do Agro"},"content":{"rendered":"\n<p>Na \u00faltima ter\u00e7a-feira, 29 de abril, a ASSEMIT deu um passo importante para o fortalecimento do agroneg\u00f3cio local com a cria\u00e7\u00e3o oficial do N\u00facleo do Agro. A reuni\u00e3o contou com a presen\u00e7a de empres\u00e1rios representando avicultores, suinocultores e produtores rurais, marcando o in\u00edcio de uma iniciativa que visa unir for\u00e7as e impulsionar o setor agropecu\u00e1rio de Itapiranga.<\/p>\n\n\n\n<p>O presidente da ASSEMIT, Francelino Ribeiro, abriu o evento destacando a relev\u00e2ncia do agroneg\u00f3cio para a economia local. Ele enfatizou que a base da economia itapiranguense est\u00e1 no Agro e ressaltou a import\u00e2ncia de aproximar os produtores rurais da associa\u00e7\u00e3o para contribuir com o fortalecimento do setor e, ao mesmo tempo, proporcionar vantagens aos associados.<\/p>\n\n\n\n<p>Durante o encontro, Milton Melz, presidente da Associa\u00e7\u00e3o Empresarial de Ipor\u00e3 do Oeste, compartilhou a trajet\u00f3ria do n\u00facleo agro de sua cidade, destacando os avan\u00e7os conquistados com a organiza\u00e7\u00e3o do setor, como forma\u00e7\u00f5es, parcerias e maior representatividade dos produtores. Simone Klunk, consultora regional do Programa Empreender da FACISC, explicou o funcionamento do programa e como os n\u00facleos setoriais contribuem para o desenvolvimento das empresas e dos associados. Geisi, consultora comercial regional das Solu\u00e7\u00f5es Empresariais da FACISC, abordou a import\u00e2ncia de ferramentas e solu\u00e7\u00f5es de gest\u00e3o para o fortalecimento dos neg\u00f3cios rurais.<\/p>\n\n\n\n<p>O produtor Nilo Bourscheid foi anunciado como coordenador do N\u00facleo do Agro da ASSEMIT. Em sua fala, destacou a for\u00e7a do agroneg\u00f3cio em Itapiranga e o potencial que pode ser ainda mais explorado com iniciativas em grupo, voltadas \u00e0 inova\u00e7\u00e3o e representatividade.<\/p>\n\n\n\n<p>A pr\u00f3xima reuni\u00e3o j\u00e1 est\u00e1 marcada, com o objetivo de iniciar os trabalhos pr\u00e1ticos do n\u00facleo. Agradecemos a presen\u00e7a de todos que participaram e refor\u00e7a o convite para novos integrantes que desejam contribuir com o crescimento do setor. Juntos, podemos tornar o agro de Itapiranga ainda mais forte e conectado!<\/p>\n\n\n\n<figure class=\"wp-block-video\"><video height=\"864\" style=\"aspect-ratio: 480 \/ 864;\" width=\"480\" controls src=\"https:\/\/assemit.com.br\/novo\/wp-content\/uploads\/2025\/05\/ASSEMIT-lanca-o-Nucleo-do-Agro.mp4\"><\/video><\/figure>\n","protected":false},"excerpt":{"rendered":"<p>Na \u00faltima ter\u00e7a-feira, 29 de abril, a ASSEMIT deu um passo importante para o fortalecimento do agroneg\u00f3cio local com a cria\u00e7\u00e3o oficial do N\u00facleo do Agro. A reuni\u00e3o contou com a presen\u00e7a de empres\u00e1rios representando avicultores, suinocultores e produtores rurais, [&hellip;]<\/p>\n","protected":false},"author":2,"featured_media":3998,"comment_status":"closed","ping_status":"closed","sticky":false,"template":"","format":"standard","meta":{"ngg_post_thumbnail":0,"footnotes":""},"categories":[6],"tags":[],"class_list":["post-3994","post","type-post","status-publish","format-standard","has-post-thumbnail","hentry","category-novidades"],"_links":{"self":[{"href":"https:\/\/assemit.com.br\/novo\/index.php?rest_route=\/wp\/v2\/posts\/3994","targetHints":{"allow":["GET"]}}],"collection":[{"href":"https:\/\/assemit.com.br\/novo\/index.php?rest_route=\/wp\/v2\/posts"}],"about":[{"href":"https:\/\/assemit.com.br\/novo\/index.php?rest_route=\/wp\/v2\/types\/post"}],"author":[{"embeddable":true,"href":"https:\/\/assemit.com.br\/novo\/index.php?rest_route=\/wp\/v2\/users\/2"}],"replies":[{"embeddable":true,"href":"https:\/\/assemit.com.br\/novo\/index.php?rest_route=%2Fwp%2Fv2%2Fcomments&post=3994"}],"version-history":[{"count":1,"href":"https:\/\/assemit.com.br\/novo\/index.php?rest_route=\/wp\/v2\/posts\/3994\/revisions"}],"predecessor-version":[{"id":3996,"href":"https:\/\/assemit.com.br\/novo\/index.php?rest_route=\/wp\/v2\/posts\/3994\/revisions\/3996"}],"wp:featuredmedia":[{"embeddable":true,"href":"https:\/\/assemit.com.br\/novo\/index.php?rest_route=\/wp\/v2\/media\/3998"}],"wp:attachment":[{"href":"https:\/\/assemit.com.br\/novo\/index.php?rest_route=%2Fwp%2Fv2%2Fmedia&parent=3994"}],"wp:term":[{"taxonomy":"category","embeddable":true,"href":"https:\/\/assemit.com.br\/novo\/index.php?rest_route=%2Fwp%2Fv2%2Fcategories&post=3994"},{"taxonomy":"post_tag","embeddable":true,"href":"https:\/\/assemit.com.br\/novo\/index.php?rest_route=%2Fwp%2Fv2%2Ftags&post=3994"}],"curies":[{"name":"wp","href":"https:\/\/api.w.org\/{rel}","templated":true}]}}