{"id":4,"date":"2016-01-27T13:02:09","date_gmt":"2016-01-27T13:02:09","guid":{"rendered":"http:\/\/novo2017.assemit.com.br\/?p=4"},"modified":"2016-01-27T13:02:09","modified_gmt":"2016-01-27T13:02:09","slug":"assemit-atende-em-novo-endereco","status":"publish","type":"post","link":"https:\/\/assemit.com.br\/novo\/?p=4","title":{"rendered":"Assemit atende em novo endere\u00e7o"},"content":{"rendered":"<p style=\"box-sizing: border-box; margin: 0px 0px 10px; text-align: justify;\"><img decoding=\"async\" class=\" size-full wp-image-3\" style=\"border: 1px solid black;\" src=\"http:\/\/novo2017.assemit.com.br\/wp-content\/uploads\/2016\/01\/img_gd_noticia_nova-noticia-260120_56a7967a4a2ee.jpg\" alt=\"\" width=\"700\" border=\"0\" srcset=\"https:\/\/assemit.com.br\/novo\/wp-content\/uploads\/2016\/01\/img_gd_noticia_nova-noticia-260120_56a7967a4a2ee.jpg 800w, https:\/\/assemit.com.br\/novo\/wp-content\/uploads\/2016\/01\/img_gd_noticia_nova-noticia-260120_56a7967a4a2ee-300x200.jpg 300w, https:\/\/assemit.com.br\/novo\/wp-content\/uploads\/2016\/01\/img_gd_noticia_nova-noticia-260120_56a7967a4a2ee-768x512.jpg 768w, https:\/\/assemit.com.br\/novo\/wp-content\/uploads\/2016\/01\/img_gd_noticia_nova-noticia-260120_56a7967a4a2ee-619x412.jpg 619w\" sizes=\"(max-width: 800px) 100vw, 800px\" \/>Desde o dia 5 de janeiro de 2016, a Associa\u00e7\u00e3o dos Empres\u00e1rios de Itapiranga &#8211; Assemit, atende em novo endere\u00e7o: na rua Independ\u00eancia, 68, em frente \u00e0 Berlanda, no 2\u00ba andar. A mudan\u00e7a aconteceu enquanto a Associa\u00e7\u00e3o aguarda a conclus\u00e3o da sede pr\u00f3pria.<\/p>\n<p style=\"box-sizing: border-box; margin: 0px 0px 10px; text-align: justify;\">De acordo com a secret\u00e1ria executiva da Assemit, Raquel La\u00eds, o propriet\u00e1rio das salas e do terreno onde ser\u00e1 edificada a nova sede (Pedro Paulo Zimmermann) cedeu o local sem custo do aluguel, para que a Associa\u00e7\u00e3o atenda at\u00e9 o t\u00e9rmino da constru\u00e7\u00e3o. \u201cA medida gera uma grande economia. O contrato prev\u00ea entrega da sala at\u00e9 dezembro de 2017, por\u00e9m, h\u00e1 grandes chances de ser entregue antes. Na assinatura do contrato j\u00e1 foi paga a primeira parcela, no valor R$ 300.000,00\u201d, explica Raquel.<\/p>\n<p style=\"box-sizing: border-box; margin: 0px 0px 10px; text-align: justify;\">\u201cAvalio a mudan\u00e7a como algo positivo, pois estamos em um lugar amplo, moderno e que atende nossas necessidades de espa\u00e7o e estrutura. O intuito da mudan\u00e7a e da compra da sede pr\u00f3pria \u00e9 atender melhor o associado e oferecer um local prop\u00edcio para reuni\u00f5es, cursos e palestras, al\u00e9m de um escrit\u00f3rio que facilite o atendimento. Estamos em uma boa localiza\u00e7\u00e3o\u201d, avalia a secret\u00e1ria. Raquel pondera que devido ao aumento do n\u00famero de n\u00facleos, faz-se necess\u00e1rio uma sala de reuni\u00f5es ampla e climatizada, que hoje a Associa\u00e7\u00e3o possui e que tamb\u00e9m existir\u00e1 na nova sede.<\/p>\n<p style=\"box-sizing: border-box; margin: 0px 0px 10px; text-align: justify;\">Raquel ressalta a dedica\u00e7\u00e3o da Associa\u00e7\u00e3o para concretizar esta a\u00e7\u00e3o e afirma que agora o foco \u00e9 o associado. \u201cA entidade est\u00e1 buscando parceiros e servi\u00e7os para atender da melhor forma poss\u00edvel. O ano de 2016 ser\u00e1 dedicado ao associado\u201d, enfatiza.<\/p>\n<p style=\"box-sizing: border-box; margin: 0px 0px 10px; text-align: justify;\">Atualmente, junto com a Assemit, atendem SINE (Sistema Nacional de Empregos) e Jucesc (Junta Comercial do Estado de Santa Catarina). Cinco funcion\u00e1rias s\u00e3o respons\u00e1veis pelo atendimento nos \u00f3rg\u00e3os. A Assemit funciona das 8 \u00e0s 12h e das 13h30 \u00e0s 18h. J\u00e1 o hor\u00e1rio do SINE e da JUCESC \u00e9 das 13 \u00e0s 17h (atendimento ao p\u00fablico) e das 17 \u00e0s 19h (interno).<\/p>\n<p style=\"text-align: justify;\"><a href=\"http:\/\/portalfo.com.br\/noticias\/5040\/assemit-atende-em-novo-endereco\" target=\"_blank\"><strong style=\"box-sizing: border-box;\">Fonte: <\/strong>Camila Stuelp &#8211; Jornal For\u00e7a d\u00b4Oeste<\/a><\/p>\n","protected":false},"excerpt":{"rendered":"<p>Desde o dia 5 de janeiro de 2016, a Associa\u00e7\u00e3o dos Empres\u00e1rios de Itapiranga &#8211; Assemit, atende em novo endere\u00e7o: na rua Independ\u00eancia, 68, em frente \u00e0 Berlanda, no 2\u00ba andar. A mudan\u00e7a aconteceu enquanto a Associa\u00e7\u00e3o aguarda a conclus\u00e3o [&hellip;]<\/p>\n","protected":false},"author":1,"featured_media":3,"comment_status":"open","ping_status":"open","sticky":false,"template":"","format":"standard","meta":{"ngg_post_thumbnail":0,"footnotes":""},"categories":[6],"tags":[],"class_list":["post-4","post","type-post","status-publish","format-standard","has-post-thumbnail","hentry","category-novidades"],"_links":{"self":[{"href":"https:\/\/assemit.com.br\/novo\/index.php?rest_route=\/wp\/v2\/posts\/4","targetHints":{"allow":["GET"]}}],"collection":[{"href":"https:\/\/assemit.com.br\/novo\/index.php?rest_route=\/wp\/v2\/posts"}],"about":[{"href":"https:\/\/assemit.com.br\/novo\/index.php?rest_route=\/wp\/v2\/types\/post"}],"author":[{"embeddable":true,"href":"https:\/\/assemit.com.br\/novo\/index.php?rest_route=\/wp\/v2\/users\/1"}],"replies":[{"embeddable":true,"href":"https:\/\/assemit.com.br\/novo\/index.php?rest_route=%2Fwp%2Fv2%2Fcomments&post=4"}],"version-history":[{"count":0,"href":"https:\/\/assemit.com.br\/novo\/index.php?rest_route=\/wp\/v2\/posts\/4\/revisions"}],"wp:featuredmedia":[{"embeddable":true,"href":"https:\/\/assemit.com.br\/novo\/index.php?rest_route=\/wp\/v2\/media\/3"}],"wp:attachment":[{"href":"https:\/\/assemit.com.br\/novo\/index.php?rest_route=%2Fwp%2Fv2%2Fmedia&parent=4"}],"wp:term":[{"taxonomy":"category","embeddable":true,"href":"https:\/\/assemit.com.br\/novo\/index.php?rest_route=%2Fwp%2Fv2%2Fcategories&post=4"},{"taxonomy":"post_tag","embeddable":true,"href":"https:\/\/assemit.com.br\/novo\/index.php?rest_route=%2Fwp%2Fv2%2Ftags&post=4"}],"curies":[{"name":"wp","href":"https:\/\/api.w.org\/{rel}","templated":true}]}}