{"id":4008,"date":"2025-05-20T14:46:19","date_gmt":"2025-05-20T17:46:19","guid":{"rendered":"https:\/\/assemit.com.br\/novo\/?p=4008"},"modified":"2025-05-21T14:51:18","modified_gmt":"2025-05-21T17:51:18","slug":"jei-na-camara-de-vereadores","status":"publish","type":"post","link":"https:\/\/assemit.com.br\/novo\/?p=4008","title":{"rendered":"JEI na C\u00e2mara de Vereadores"},"content":{"rendered":"\n<p>&#x1f4e3; O N\u00facleo Jovem Empreendedor marcou presen\u00e7a na C\u00e2mara de Vereadores de Itapiranga na noite de ontem!<\/p>\n\n\n\n<p>Na tribuna, o nucleado P\u00e9terson abordou dois temas centrais para o fortalecimento do empreendedorismo local:<\/p>\n\n\n\n<p>1&#xfe0f;&#x20e3; O Feir\u00e3o do Imposto 2025, que acontece no dia 31 de maio, s\u00e1bado pela manh\u00e3, com o objetivo de conscientizar a popula\u00e7\u00e3o sobre a alta carga tribut\u00e1ria brasileira \u2014 que faz com que, simbolicamente, os brasileiros trabalhem at\u00e9 essa data apenas para pagar impostos.<\/p>\n\n\n\n<p>2&#xfe0f;&#x20e3; O apoio \u00e0 Lei Complementar 261\/2023, que prop\u00f5e a atualiza\u00e7\u00e3o anual dos limites de faturamento para MEIs, Microempresas e Empresas de Pequeno Porte com base na infla\u00e7\u00e3o. Uma medida essencial para garantir justi\u00e7a fiscal, seguran\u00e7a jur\u00eddica e permitir o crescimento saud\u00e1vel dos neg\u00f3cios.<\/p>\n\n\n\n<p>&#x1f4ac; \u201cPrecisamos falar sobre tributos, sobre justi\u00e7a fiscal e sobre o papel do empreendedor no desenvolvimento do pa\u00eds.\u201d<\/p>\n\n\n\n<p>O JEI segue firme em sua miss\u00e3o de promover a\u00e7\u00f5es de impacto, fomentar o di\u00e1logo e transformar realidades atrav\u00e9s do empreendedorismo jovem!<\/p>\n\n\n\n<figure class=\"wp-block-gallery has-nested-images columns-default is-cropped wp-block-gallery-1 is-layout-flex wp-block-gallery-is-layout-flex\">\n<figure class=\"wp-block-image size-large\"><a href=\"https:\/\/assemit.com.br\/novo\/wp-content\/uploads\/2025\/05\/JEI3.jpg\"><img loading=\"lazy\" decoding=\"async\" width=\"822\" height=\"1024\" data-id=\"4010\" src=\"https:\/\/assemit.com.br\/novo\/wp-content\/uploads\/2025\/05\/JEI3-822x1024.jpg\" alt=\"\" class=\"wp-image-4010\" srcset=\"https:\/\/assemit.com.br\/novo\/wp-content\/uploads\/2025\/05\/JEI3-822x1024.jpg 822w, https:\/\/assemit.com.br\/novo\/wp-content\/uploads\/2025\/05\/JEI3-241x300.jpg 241w, https:\/\/assemit.com.br\/novo\/wp-content\/uploads\/2025\/05\/JEI3-768x957.jpg 768w, https:\/\/assemit.com.br\/novo\/wp-content\/uploads\/2025\/05\/JEI3.jpg 1080w\" sizes=\"auto, (max-width: 822px) 100vw, 822px\" \/><\/a><\/figure>\n\n\n\n<figure class=\"wp-block-image size-large\"><a href=\"https:\/\/assemit.com.br\/novo\/wp-content\/uploads\/2025\/05\/JEI2.jpg\"><img loading=\"lazy\" decoding=\"async\" width=\"822\" height=\"1024\" data-id=\"4009\" src=\"https:\/\/assemit.com.br\/novo\/wp-content\/uploads\/2025\/05\/JEI2-822x1024.jpg\" alt=\"\" class=\"wp-image-4009\" srcset=\"https:\/\/assemit.com.br\/novo\/wp-content\/uploads\/2025\/05\/JEI2-822x1024.jpg 822w, https:\/\/assemit.com.br\/novo\/wp-content\/uploads\/2025\/05\/JEI2-241x300.jpg 241w, https:\/\/assemit.com.br\/novo\/wp-content\/uploads\/2025\/05\/JEI2-768x957.jpg 768w, https:\/\/assemit.com.br\/novo\/wp-content\/uploads\/2025\/05\/JEI2.jpg 1080w\" sizes=\"auto, (max-width: 822px) 100vw, 822px\" \/><\/a><\/figure>\n\n\n\n<figure class=\"wp-block-image size-large\"><a href=\"https:\/\/assemit.com.br\/novo\/wp-content\/uploads\/2025\/05\/JEI1.jpg\"><img loading=\"lazy\" decoding=\"async\" width=\"819\" height=\"1024\" data-id=\"4012\" src=\"https:\/\/assemit.com.br\/novo\/wp-content\/uploads\/2025\/05\/JEI1-819x1024.jpg\" alt=\"\" class=\"wp-image-4012\" srcset=\"https:\/\/assemit.com.br\/novo\/wp-content\/uploads\/2025\/05\/JEI1-819x1024.jpg 819w, https:\/\/assemit.com.br\/novo\/wp-content\/uploads\/2025\/05\/JEI1-240x300.jpg 240w, https:\/\/assemit.com.br\/novo\/wp-content\/uploads\/2025\/05\/JEI1-768x960.jpg 768w, https:\/\/assemit.com.br\/novo\/wp-content\/uploads\/2025\/05\/JEI1.jpg 900w\" sizes=\"auto, (max-width: 819px) 100vw, 819px\" \/><\/a><\/figure>\n<\/figure>\n\n\n\n<figure class=\"wp-block-video\"><video height=\"900\" style=\"aspect-ratio: 720 \/ 900;\" width=\"720\" controls src=\"https:\/\/assemit.com.br\/novo\/wp-content\/uploads\/2025\/05\/JEI4.mp4\"><\/video><\/figure>\n","protected":false},"excerpt":{"rendered":"<p>&#x1f4e3; O N\u00facleo Jovem Empreendedor marcou presen\u00e7a na C\u00e2mara de Vereadores de Itapiranga na noite de ontem! Na tribuna, o nucleado P\u00e9terson abordou dois temas centrais para o fortalecimento do empreendedorismo local: 1&#xfe0f;&#x20e3; O Feir\u00e3o do Imposto 2025, que acontece [&hellip;]<\/p>\n","protected":false},"author":2,"featured_media":4011,"comment_status":"closed","ping_status":"closed","sticky":false,"template":"","format":"standard","meta":{"ngg_post_thumbnail":0,"footnotes":""},"categories":[1],"tags":[],"class_list":["post-4008","post","type-post","status-publish","format-standard","has-post-thumbnail","hentry","category-sem-categoria"],"_links":{"self":[{"href":"https:\/\/assemit.com.br\/novo\/index.php?rest_route=\/wp\/v2\/posts\/4008","targetHints":{"allow":["GET"]}}],"collection":[{"href":"https:\/\/assemit.com.br\/novo\/index.php?rest_route=\/wp\/v2\/posts"}],"about":[{"href":"https:\/\/assemit.com.br\/novo\/index.php?rest_route=\/wp\/v2\/types\/post"}],"author":[{"embeddable":true,"href":"https:\/\/assemit.com.br\/novo\/index.php?rest_route=\/wp\/v2\/users\/2"}],"replies":[{"embeddable":true,"href":"https:\/\/assemit.com.br\/novo\/index.php?rest_route=%2Fwp%2Fv2%2Fcomments&post=4008"}],"version-history":[{"count":2,"href":"https:\/\/assemit.com.br\/novo\/index.php?rest_route=\/wp\/v2\/posts\/4008\/revisions"}],"predecessor-version":[{"id":4015,"href":"https:\/\/assemit.com.br\/novo\/index.php?rest_route=\/wp\/v2\/posts\/4008\/revisions\/4015"}],"wp:featuredmedia":[{"embeddable":true,"href":"https:\/\/assemit.com.br\/novo\/index.php?rest_route=\/wp\/v2\/media\/4011"}],"wp:attachment":[{"href":"https:\/\/assemit.com.br\/novo\/index.php?rest_route=%2Fwp%2Fv2%2Fmedia&parent=4008"}],"wp:term":[{"taxonomy":"category","embeddable":true,"href":"https:\/\/assemit.com.br\/novo\/index.php?rest_route=%2Fwp%2Fv2%2Fcategories&post=4008"},{"taxonomy":"post_tag","embeddable":true,"href":"https:\/\/assemit.com.br\/novo\/index.php?rest_route=%2Fwp%2Fv2%2Ftags&post=4008"}],"curies":[{"name":"wp","href":"https:\/\/api.w.org\/{rel}","templated":true}]}}