{"id":401,"date":"2017-02-16T15:52:28","date_gmt":"2017-02-16T18:52:28","guid":{"rendered":"http:\/\/novo2017.assemit.com.br\/?p=401"},"modified":"2017-08-06T14:06:24","modified_gmt":"2017-08-06T17:06:24","slug":"diretoria-reune-departamentos","status":"publish","type":"post","link":"https:\/\/assemit.com.br\/novo\/?p=401","title":{"rendered":"Diretoria re\u00fane departamentos"},"content":{"rendered":"<p><span style=\"color: #1d2129; font-family: 'Helvetica Neue', Helvetica, Arial, sans-serif; font-size: 14px;\"><img loading=\"lazy\" decoding=\"async\" class=\" size-full wp-image-400\" src=\"http:\/\/novo2017.assemit.com.br\/wp-content\/uploads\/2017\/02\/assemit-15-02-2017.jpg\" alt=\"\" width=\"1920\" height=\"1280\" srcset=\"https:\/\/assemit.com.br\/novo\/wp-content\/uploads\/2017\/02\/assemit-15-02-2017.jpg 1920w, https:\/\/assemit.com.br\/novo\/wp-content\/uploads\/2017\/02\/assemit-15-02-2017-300x200.jpg 300w, https:\/\/assemit.com.br\/novo\/wp-content\/uploads\/2017\/02\/assemit-15-02-2017-768x512.jpg 768w, https:\/\/assemit.com.br\/novo\/wp-content\/uploads\/2017\/02\/assemit-15-02-2017-1024x683.jpg 1024w, https:\/\/assemit.com.br\/novo\/wp-content\/uploads\/2017\/02\/assemit-15-02-2017-619x413.jpg 619w\" sizes=\"auto, (max-width: 1920px) 100vw, 1920px\" \/><\/span><\/p>\n<p><span style=\"color: #1d2129; font-family: 'Helvetica Neue', Helvetica, Arial, sans-serif; font-size: 14px;\">Na manh\u00e3 de hoje, 15\/02, a Diretoria da Assemit, reuniu-se para reuni\u00e3o mensal. Seguindo a pauta da reuni\u00e3o, o presidente da Assemit, Clemente Schnorrenberger deu encaminhamento a cada departamento, das primeiras a\u00e7\u00f5es a serem realizadas, lembrando tamb\u00e9m da primeira Assembleia do ano, que ser\u00e1 no pr\u00f3ximo dia 23\/02, no Audit\u00f3rio do Sicoob Creditapiranga.<\/span><\/p>\n","protected":false},"excerpt":{"rendered":"<p>Na manh\u00e3 de hoje, 15\/02, a Diretoria da Assemit, reuniu-se para reuni\u00e3o mensal. Seguindo a pauta da reuni\u00e3o, o presidente da Assemit, Clemente Schnorrenberger deu encaminhamento a cada departamento, das primeiras a\u00e7\u00f5es a serem realizadas, lembrando tamb\u00e9m da primeira Assembleia [&hellip;]<\/p>\n","protected":false},"author":1,"featured_media":0,"comment_status":"closed","ping_status":"closed","sticky":false,"template":"","format":"standard","meta":{"ngg_post_thumbnail":0,"footnotes":""},"categories":[6],"tags":[],"class_list":["post-401","post","type-post","status-publish","format-standard","hentry","category-novidades"],"_links":{"self":[{"href":"https:\/\/assemit.com.br\/novo\/index.php?rest_route=\/wp\/v2\/posts\/401","targetHints":{"allow":["GET"]}}],"collection":[{"href":"https:\/\/assemit.com.br\/novo\/index.php?rest_route=\/wp\/v2\/posts"}],"about":[{"href":"https:\/\/assemit.com.br\/novo\/index.php?rest_route=\/wp\/v2\/types\/post"}],"author":[{"embeddable":true,"href":"https:\/\/assemit.com.br\/novo\/index.php?rest_route=\/wp\/v2\/users\/1"}],"replies":[{"embeddable":true,"href":"https:\/\/assemit.com.br\/novo\/index.php?rest_route=%2Fwp%2Fv2%2Fcomments&post=401"}],"version-history":[{"count":2,"href":"https:\/\/assemit.com.br\/novo\/index.php?rest_route=\/wp\/v2\/posts\/401\/revisions"}],"predecessor-version":[{"id":474,"href":"https:\/\/assemit.com.br\/novo\/index.php?rest_route=\/wp\/v2\/posts\/401\/revisions\/474"}],"wp:attachment":[{"href":"https:\/\/assemit.com.br\/novo\/index.php?rest_route=%2Fwp%2Fv2%2Fmedia&parent=401"}],"wp:term":[{"taxonomy":"category","embeddable":true,"href":"https:\/\/assemit.com.br\/novo\/index.php?rest_route=%2Fwp%2Fv2%2Fcategories&post=401"},{"taxonomy":"post_tag","embeddable":true,"href":"https:\/\/assemit.com.br\/novo\/index.php?rest_route=%2Fwp%2Fv2%2Ftags&post=401"}],"curies":[{"name":"wp","href":"https:\/\/api.w.org\/{rel}","templated":true}]}}