{"id":403,"date":"2017-02-17T11:32:56","date_gmt":"2017-02-17T14:32:56","guid":{"rendered":"http:\/\/novo2017.assemit.com.br\/?p=403"},"modified":"2017-08-06T14:05:28","modified_gmt":"2017-08-06T17:05:28","slug":"lancada-oficialmente-a-9-efrait","status":"publish","type":"post","link":"https:\/\/assemit.com.br\/novo\/?p=403","title":{"rendered":"Lan\u00e7ada oficialmente a 9\u00aa Efrait"},"content":{"rendered":"<p style=\"box-sizing: border-box; margin: 0px 0px 1.5em; padding: 0px; font-family: 'Open Sans', sans-serif; font-size: 14px;\"><em style=\"box-sizing: border-box; margin: 0px; padding: 0px;\"><strong style=\"box-sizing: border-box; margin: 0px; padding: 0px;\"><img loading=\"lazy\" decoding=\"async\" class=\" size-full wp-image-402\" src=\"http:\/\/novo2017.assemit.com.br\/wp-content\/uploads\/2017\/02\/IMG_9453.JPG\" alt=\"\" width=\"900\" height=\"600\" srcset=\"https:\/\/assemit.com.br\/novo\/wp-content\/uploads\/2017\/02\/IMG_9453.JPG 900w, https:\/\/assemit.com.br\/novo\/wp-content\/uploads\/2017\/02\/IMG_9453-300x200.jpg 300w, https:\/\/assemit.com.br\/novo\/wp-content\/uploads\/2017\/02\/IMG_9453-768x512.jpg 768w, https:\/\/assemit.com.br\/novo\/wp-content\/uploads\/2017\/02\/IMG_9453-619x413.jpg 619w\" sizes=\"auto, (max-width: 900px) 100vw, 900px\" \/><\/strong><\/em><\/p>\n<p style=\"box-sizing: border-box; margin: 0px 0px 1.5em; padding: 0px; font-family: 'Open Sans', sans-serif; font-size: 14px;\"><em style=\"box-sizing: border-box; margin: 0px; padding: 0px;\"><strong style=\"box-sizing: border-box; margin: 0px; padding: 0px;\">Programa\u00e7\u00e3o ter\u00e1 exposi\u00e7\u00e3o agropecu\u00e1ria, shows de v\u00e1rios estilos musicais, neg\u00f3cios \u2013 mais de 150 expositores, gastronomia\u00a0e palco cultural<\/strong><\/em><\/p>\n<p style=\"box-sizing: border-box; margin: 0px 0px 1.5em; padding: 0px; font-family: 'Open Sans', sans-serif; font-size: 14px;\">O evento que marcou o lan\u00e7amento oficial da edi\u00e7\u00e3o 2017 da Exposi\u00e7\u00e3o Feira Agropecu\u00e1ria, Comercial e Industrial de Itapiranga \u2013 Efrait, ocorreu na noite de quinta-feira, 16, no restaurante do complexo Oktober. Foram anunciados os shows que acontecem nos tr\u00eas dias de feira: a renomada banda \u2018Nenhum de N\u00f3s\u2019 na primeira noite, dia 28\/04, a dupla de sucesso nacional \u2018Conrado &amp; Aleksandro\u2019 no s\u00e1bado, dia 29, e no domingo a atra\u00e7\u00e3o principal ser\u00e1 a consagrada dupla \u2018Oswaldir &amp; Carlos Magr\u00e3o\u2019. A novidade \u00e9 que a organiza\u00e7\u00e3o dos shows ser\u00e1 feita pela pr\u00f3pria comiss\u00e3o, n\u00e3o sendo mais terceirizados, como acontecia nas edi\u00e7\u00f5es anteriores.<\/p>\n<p style=\"box-sizing: border-box; margin: 0px 0px 1.5em; padding: 0px; font-family: 'Open Sans', sans-serif; font-size: 14px;\">O\u00a0evento de lan\u00e7amento contou com a presen\u00e7a de autoridades, patrocinadores e imprensa. Conforme a Associa\u00e7\u00e3o Comercial de Itapiranga \u2013 Assemit, 130 expositores j\u00e1 est\u00e3o confirmados, ainda restando poucas vagas \u00e0s empresas interessadas em participar.<br style=\"box-sizing: border-box; margin: 0px; padding: 0px;\" \/>Nos pr\u00f3ximos dias ser\u00e1 anunciada a venda antecipada de ingressos a pre\u00e7os especiais para os shows. Haver\u00e1 uma semana de promo\u00e7\u00e3o, com valor mais baixo que o primeiro lote de ingressos.<\/p>\n<p style=\"box-sizing: border-box; margin: 0px 0px 1.5em; padding: 0px; font-family: 'Open Sans', sans-serif; font-size: 14px;\">\u201cNosso objetivo foi anunciar a programa\u00e7\u00e3o principal com anteced\u00eancia, para que a divulga\u00e7\u00e3o seja abrangente, com ingressos antecipados a pre\u00e7os acess\u00edveis para os shows. Procuramos trazer atra\u00e7\u00f5es para agradar aos diversos p\u00fablicos e gostos. Desde j\u00e1, contamos com voc\u00ea para que a 9\u00aa Efrait entre para a hist\u00f3ria\u201d, destaca a comiss\u00e3o.<\/p>\n<p style=\"box-sizing: border-box; margin: 0px 0px 1.5em; padding: 0px; font-family: 'Open Sans', sans-serif; font-size: 14px;\"><strong>Programa\u00e7\u00e3o<\/strong><\/p>\n<p style=\"box-sizing: border-box; margin: 0cm 0cm 0.0001pt; padding: 0px; font-family: 'Open Sans', sans-serif; font-size: 14px; background-image: initial; background-position: initial; background-size: initial; background-repeat: initial; background-attachment: initial; background-origin: initial; background-clip: initial;\"><strong style=\"box-sizing: border-box; margin: 0px; padding: 0px;\"><span style=\"box-sizing: border-box; margin: 0px; padding: 0px; font-family: Arial, sans-serif; color: #212121;\">SEXTA-FEIRA \u2013 28\/04<\/span><\/strong><span style=\"box-sizing: border-box; margin: 0px; padding: 0px; font-family: Arial, sans-serif; color: #212121;\"><br style=\"box-sizing: border-box; margin: 0px; padding: 0px;\" \/>18h \u00e0s 21h30 \u2013 Visita\u00e7\u00e3o \u00e0 exposi\u00e7\u00e3o feira<br style=\"box-sizing: border-box; margin: 0px; padding: 0px;\" \/>21h30 \u2013 Cerimonial de abertura da 9\u00aa Efrait<br style=\"box-sizing: border-box; margin: 0px; padding: 0px;\" \/>22h \u2013 Abertura da arena de shows \u2013 Juca Bala (voz e viol\u00e3o)<br style=\"box-sizing: border-box; margin: 0px; padding: 0px;\" \/>23h15 \u2013 Show banda<span class=\"apple-converted-space\" style=\"box-sizing: border-box; margin: 0px; padding: 0px;\">\u00a0<\/span><strong style=\"box-sizing: border-box; margin: 0px; padding: 0px;\"><span style=\"box-sizing: border-box; margin: 0px; padding: 0px;\">\u2018Nenhum de N\u00f3s\u2019<\/span><\/strong><br style=\"box-sizing: border-box; margin: 0px; padding: 0px;\" \/>1h \u2013 DJ Roberto Bonet<\/span><\/p>\n<p style=\"box-sizing: border-box; margin: 0cm 0cm 0.0001pt; padding: 0px; font-family: 'Open Sans', sans-serif; font-size: 14px; background-image: initial; background-position: initial; background-size: initial; background-repeat: initial; background-attachment: initial; background-origin: initial; background-clip: initial;\"><strong style=\"box-sizing: border-box; margin: 0px; padding: 0px;\"><span style=\"box-sizing: border-box; margin: 0px; padding: 0px; font-family: Arial, sans-serif; color: #212121;\">\u00a0<\/span><\/strong><\/p>\n<p style=\"box-sizing: border-box; margin: 0cm 0cm 0.0001pt; padding: 0px; font-family: 'Open Sans', sans-serif; font-size: 14px; background-image: initial; background-position: initial; background-size: initial; background-repeat: initial; background-attachment: initial; background-origin: initial; background-clip: initial;\"><strong style=\"box-sizing: border-box; margin: 0px; padding: 0px;\"><span style=\"box-sizing: border-box; margin: 0px; padding: 0px; font-family: Arial, sans-serif; color: #212121;\">S\u00c1BADO \u2013 29\/04<\/span><\/strong><span style=\"box-sizing: border-box; margin: 0px; padding: 0px; font-family: Arial, sans-serif; color: #212121;\"><br style=\"box-sizing: border-box; margin: 0px; padding: 0px;\" \/>9h \u2013 Abertura dos estandes<br style=\"box-sizing: border-box; margin: 0px; padding: 0px;\" \/>11 \u00e0s 13h \u2013 Almo\u00e7o com m\u00fasica ao vivo<br style=\"box-sizing: border-box; margin: 0px; padding: 0px;\" \/>13h \u2013 In\u00edcio das apresenta\u00e7\u00f5es \u2013 palco cultural<br style=\"box-sizing: border-box; margin: 0px; padding: 0px;\" \/>15h \u2013 Teatro: \u2018Herta, a vizinha\u2019 \u2013 grupo Curto Arte<br style=\"box-sizing: border-box; margin: 0px; padding: 0px;\" \/>22h \u2013 Fechamento dos estandes<br style=\"box-sizing: border-box; margin: 0px; padding: 0px;\" \/>22h \u2013 Abertura da arena de shows \u2013 show dupla \u2018Z\u00e9 Al\u00e9cio e Eduardo\u2019<br style=\"box-sizing: border-box; margin: 0px; padding: 0px;\" \/>0h \u2013 Show nacional<span class=\"apple-converted-space\" style=\"box-sizing: border-box; margin: 0px; padding: 0px;\">\u00a0<\/span><strong style=\"box-sizing: border-box; margin: 0px; padding: 0px;\"><span style=\"box-sizing: border-box; margin: 0px; padding: 0px;\">\u2018Conrado &amp; Aleksandro\u2019<\/span><\/strong><br style=\"box-sizing: border-box; margin: 0px; padding: 0px;\" \/>1h30 \u2013 DJ Roberto Bonet<br style=\"box-sizing: border-box; margin: 0px; padding: 0px;\" \/><em style=\"box-sizing: border-box; margin: 0px; padding: 0px;\"><span style=\"box-sizing: border-box; margin: 0px; padding: 0px;\">*Pra\u00e7a de alimenta\u00e7\u00e3o aberta at\u00e9 \u00e0s 22h<\/span><\/em><\/span><\/p>\n<p style=\"box-sizing: border-box; margin: 0cm 0cm 0.0001pt; padding: 0px; font-family: 'Open Sans', sans-serif; font-size: 14px; background-image: initial; background-position: initial; background-size: initial; background-repeat: initial; background-attachment: initial; background-origin: initial; background-clip: initial;\"><strong style=\"box-sizing: border-box; margin: 0px; padding: 0px;\"><span style=\"box-sizing: border-box; margin: 0px; padding: 0px; font-family: Arial, sans-serif; color: #212121;\">\u00a0<\/span><\/strong><\/p>\n<p style=\"box-sizing: border-box; margin: 0cm 0cm 0.0001pt; padding: 0px; font-family: 'Open Sans', sans-serif; font-size: 14px; background-image: initial; background-position: initial; background-size: initial; background-repeat: initial; background-attachment: initial; background-origin: initial; background-clip: initial;\"><strong style=\"box-sizing: border-box; margin: 0px; padding: 0px;\"><span style=\"box-sizing: border-box; margin: 0px; padding: 0px; font-family: Arial, sans-serif; color: #212121;\">DOMINGO \u2013 30\/04<\/span><\/strong><span style=\"box-sizing: border-box; margin: 0px; padding: 0px; font-family: Arial, sans-serif; color: #212121;\"><br style=\"box-sizing: border-box; margin: 0px; padding: 0px;\" \/>9h \u2013 Abertura dos estandes<br style=\"box-sizing: border-box; margin: 0px; padding: 0px;\" \/>11 \u00e0s 13h \u2013 Almo\u00e7o com m\u00fasica ao vivo<br style=\"box-sizing: border-box; margin: 0px; padding: 0px;\" \/>13h \u2013 In\u00edcio das apresenta\u00e7\u00f5es \u2013 palco cultural<br style=\"box-sizing: border-box; margin: 0px; padding: 0px;\" \/>15h \u2013 Show Orquestra Municipal de Viol\u00f5es<span class=\"apple-converted-space\" style=\"box-sizing: border-box; margin: 0px; padding: 0px;\">\u00a0<\/span><br style=\"box-sizing: border-box; margin: 0px; padding: 0px;\" \/>17h \u2013 Sorteio Show da Sorte Assemit<br style=\"box-sizing: border-box; margin: 0px; padding: 0px;\" \/>19h30 \u2013 Abertura da arena de shows \u2013 show dupla \u2018Marcos C\u00e9sar e Osvaldir\u2019<br style=\"box-sizing: border-box; margin: 0px; padding: 0px;\" \/>21h \u2013 Fechamento dos estandes<br style=\"box-sizing: border-box; margin: 0px; padding: 0px;\" \/>21h30 \u2013 Show<span class=\"apple-converted-space\" style=\"box-sizing: border-box; margin: 0px; padding: 0px;\">\u00a0<\/span><strong style=\"box-sizing: border-box; margin: 0px; padding: 0px;\"><span style=\"box-sizing: border-box; margin: 0px; padding: 0px;\">\u2018Oswaldir &amp; Carlos Magr\u00e3o\u2019<\/span><\/strong><br style=\"box-sizing: border-box; margin: 0px; padding: 0px;\" \/>23h30 \u2013 DJ Roberto Bonet<br style=\"box-sizing: border-box; margin: 0px; padding: 0px;\" \/><em style=\"box-sizing: border-box; margin: 0px; padding: 0px;\"><span style=\"box-sizing: border-box; margin: 0px; padding: 0px;\">*Pra\u00e7a de alimenta\u00e7\u00e3o aberta at\u00e9 \u00e0s 21h<\/span><\/em><span class=\"apple-converted-space\" style=\"box-sizing: border-box; margin: 0px; padding: 0px;\">\u00a0<\/span><\/span><\/p>\n<p style=\"box-sizing: border-box; margin: 0cm 0cm 0.0001pt; padding: 0px; font-family: 'Open Sans', sans-serif; font-size: 14px; background-image: initial; background-position: initial; background-size: initial; background-repeat: initial; background-attachment: initial; background-origin: initial; background-clip: initial;\">\n","protected":false},"excerpt":{"rendered":"<p>Programa\u00e7\u00e3o ter\u00e1 exposi\u00e7\u00e3o agropecu\u00e1ria, shows de v\u00e1rios estilos musicais, neg\u00f3cios \u2013 mais de 150 expositores, gastronomia\u00a0e palco cultural O evento que marcou o lan\u00e7amento oficial da edi\u00e7\u00e3o 2017 da Exposi\u00e7\u00e3o Feira Agropecu\u00e1ria, Comercial e Industrial de Itapiranga \u2013 Efrait, ocorreu [&hellip;]<\/p>\n","protected":false},"author":1,"featured_media":0,"comment_status":"closed","ping_status":"closed","sticky":false,"template":"","format":"standard","meta":{"ngg_post_thumbnail":0,"footnotes":""},"categories":[6],"tags":[],"class_list":["post-403","post","type-post","status-publish","format-standard","hentry","category-novidades"],"_links":{"self":[{"href":"https:\/\/assemit.com.br\/novo\/index.php?rest_route=\/wp\/v2\/posts\/403","targetHints":{"allow":["GET"]}}],"collection":[{"href":"https:\/\/assemit.com.br\/novo\/index.php?rest_route=\/wp\/v2\/posts"}],"about":[{"href":"https:\/\/assemit.com.br\/novo\/index.php?rest_route=\/wp\/v2\/types\/post"}],"author":[{"embeddable":true,"href":"https:\/\/assemit.com.br\/novo\/index.php?rest_route=\/wp\/v2\/users\/1"}],"replies":[{"embeddable":true,"href":"https:\/\/assemit.com.br\/novo\/index.php?rest_route=%2Fwp%2Fv2%2Fcomments&post=403"}],"version-history":[{"count":2,"href":"https:\/\/assemit.com.br\/novo\/index.php?rest_route=\/wp\/v2\/posts\/403\/revisions"}],"predecessor-version":[{"id":473,"href":"https:\/\/assemit.com.br\/novo\/index.php?rest_route=\/wp\/v2\/posts\/403\/revisions\/473"}],"wp:attachment":[{"href":"https:\/\/assemit.com.br\/novo\/index.php?rest_route=%2Fwp%2Fv2%2Fmedia&parent=403"}],"wp:term":[{"taxonomy":"category","embeddable":true,"href":"https:\/\/assemit.com.br\/novo\/index.php?rest_route=%2Fwp%2Fv2%2Fcategories&post=403"},{"taxonomy":"post_tag","embeddable":true,"href":"https:\/\/assemit.com.br\/novo\/index.php?rest_route=%2Fwp%2Fv2%2Ftags&post=403"}],"curies":[{"name":"wp","href":"https:\/\/api.w.org\/{rel}","templated":true}]}}