{"id":4037,"date":"2025-05-31T18:27:27","date_gmt":"2025-05-31T21:27:27","guid":{"rendered":"https:\/\/assemit.com.br\/novo\/?p=4037"},"modified":"2025-06-04T13:47:31","modified_gmt":"2025-06-04T16:47:31","slug":"estamos-no-conexao-itapiranga","status":"publish","type":"post","link":"https:\/\/assemit.com.br\/novo\/?p=4037","title":{"rendered":"Estamos no Conex\u00e3o Itapiranga!"},"content":{"rendered":"\n<p>Um evento que est\u00e1 movimentando a cidade nesta sexta e s\u00e1bado, com muita troca de conhecimento e inspira\u00e7\u00e3o. &#x1f680;<\/p>\n\n\n\n<p>Organizado por Alexandre Siqueira (GBEST), o Conex\u00e3o contou com uma abertura de peso: Rodrigo Kobs, Fernando Freitas e Alysson Costa trouxeram reflex\u00f5es e insights incr\u00edveis para todos os presentes. &#x1f44f;<\/p>\n\n\n\n<p>E neste s\u00e1bado tem muito mais! Grandes nomes seguem no palco ao longo do dia. &#x1f4a1;&#x1f525;<\/p>\n\n\n\n<p><a href=\"https:\/\/www.instagram.com\/kobs_rodrigo\/\">@kobs_rodrigo<\/a><br><a href=\"https:\/\/www.instagram.com\/omestredospalcos\/\">@omestredospalcos<\/a><br><a href=\"https:\/\/www.instagram.com\/alyssoncosta\/\">@alyssoncosta<\/a><br><a href=\"https:\/\/www.instagram.com\/alexandresiqueira01\/\">@alexandresiqueira01<\/a><\/p>\n\n\n\n<p>&#x1f4f7;&nbsp;<a href=\"https:\/\/www.instagram.com\/satv.com.br\/\">@satv.com.br<\/a><a href=\"https:\/\/www.instagram.com\/heaven.art.br\/\">@heaven.art.br<\/a><\/p>\n\n\n\n<p><a href=\"https:\/\/www.instagram.com\/explore\/tags\/conex%C3%A3oitapiranga\/\">#conex\u00e3oitapiranga<\/a><a href=\"https:\/\/www.instagram.com\/explore\/tags\/uceffitapiranga\/\">#UCEFFItapiranga<\/a><a href=\"https:\/\/www.instagram.com\/explore\/tags\/uceff\/\">#UCEFF<\/a><a href=\"https:\/\/www.instagram.com\/explore\/tags\/inova%C3%A7%C3%A3o\/\">#Inova\u00e7\u00e3o<\/a><a href=\"https:\/\/www.instagram.com\/explore\/tags\/palestras\/\">#Palestras<\/a><a href=\"https:\/\/www.instagram.com\/explore\/tags\/inspira%C3%A7%C3%A3o\/\">#Inspira\u00e7\u00e3o<\/a><a href=\"https:\/\/www.instagram.com\/explore\/tags\/networking\/\">#Networking<\/a><\/p>\n\n\n\n<figure class=\"wp-block-video\"><video height=\"1280\" style=\"aspect-ratio: 720 \/ 1280;\" width=\"720\" controls src=\"https:\/\/assemit.com.br\/novo\/wp-content\/uploads\/2025\/06\/conexaoitapiranga.mp4\"><\/video><\/figure>\n","protected":false},"excerpt":{"rendered":"<p>Um evento que est\u00e1 movimentando a cidade nesta sexta e s\u00e1bado, com muita troca de conhecimento e inspira\u00e7\u00e3o. &#x1f680; Organizado por Alexandre Siqueira (GBEST), o Conex\u00e3o contou com uma abertura de peso: Rodrigo Kobs, Fernando Freitas e Alysson Costa trouxeram [&hellip;]<\/p>\n","protected":false},"author":2,"featured_media":4040,"comment_status":"closed","ping_status":"closed","sticky":false,"template":"","format":"standard","meta":{"ngg_post_thumbnail":0,"footnotes":""},"categories":[6],"tags":[],"class_list":["post-4037","post","type-post","status-publish","format-standard","has-post-thumbnail","hentry","category-novidades"],"_links":{"self":[{"href":"https:\/\/assemit.com.br\/novo\/index.php?rest_route=\/wp\/v2\/posts\/4037","targetHints":{"allow":["GET"]}}],"collection":[{"href":"https:\/\/assemit.com.br\/novo\/index.php?rest_route=\/wp\/v2\/posts"}],"about":[{"href":"https:\/\/assemit.com.br\/novo\/index.php?rest_route=\/wp\/v2\/types\/post"}],"author":[{"embeddable":true,"href":"https:\/\/assemit.com.br\/novo\/index.php?rest_route=\/wp\/v2\/users\/2"}],"replies":[{"embeddable":true,"href":"https:\/\/assemit.com.br\/novo\/index.php?rest_route=%2Fwp%2Fv2%2Fcomments&post=4037"}],"version-history":[{"count":1,"href":"https:\/\/assemit.com.br\/novo\/index.php?rest_route=\/wp\/v2\/posts\/4037\/revisions"}],"predecessor-version":[{"id":4039,"href":"https:\/\/assemit.com.br\/novo\/index.php?rest_route=\/wp\/v2\/posts\/4037\/revisions\/4039"}],"wp:featuredmedia":[{"embeddable":true,"href":"https:\/\/assemit.com.br\/novo\/index.php?rest_route=\/wp\/v2\/media\/4040"}],"wp:attachment":[{"href":"https:\/\/assemit.com.br\/novo\/index.php?rest_route=%2Fwp%2Fv2%2Fmedia&parent=4037"}],"wp:term":[{"taxonomy":"category","embeddable":true,"href":"https:\/\/assemit.com.br\/novo\/index.php?rest_route=%2Fwp%2Fv2%2Fcategories&post=4037"},{"taxonomy":"post_tag","embeddable":true,"href":"https:\/\/assemit.com.br\/novo\/index.php?rest_route=%2Fwp%2Fv2%2Ftags&post=4037"}],"curies":[{"name":"wp","href":"https:\/\/api.w.org\/{rel}","templated":true}]}}