{"id":4041,"date":"2025-06-01T13:49:46","date_gmt":"2025-06-01T16:49:46","guid":{"rendered":"https:\/\/assemit.com.br\/novo\/?p=4041"},"modified":"2025-06-04T13:55:45","modified_gmt":"2025-06-04T16:55:45","slug":"sabado-de-conexoes-ideias-e-grandes-inspiracoes","status":"publish","type":"post","link":"https:\/\/assemit.com.br\/novo\/?p=4041","title":{"rendered":"S\u00e1bado de conex\u00f5es, ideias e grandes inspira\u00e7\u00f5es!"},"content":{"rendered":"\n<p>O Conex\u00e3o Itapiranga segue com uma programa\u00e7\u00e3o incr\u00edvel neste segundo dia de evento! &#x1f4a1;<\/p>\n\n\n\n<p>Palestras que marcaram o p\u00fablico, trocas intensas de conhecimento e a presen\u00e7a de grandes nomes que elevaram o n\u00edvel da discuss\u00e3o sobre inova\u00e7\u00e3o, lideran\u00e7a e futuro. &#x1f465;&#x2728;<\/p>\n\n\n\n<p>E para fechar com chave de ouro, tivemos Marcos Palhares, explorador, escritor e palestrante, compartilhando sua vis\u00e3o de mundo e nos levando a sonhar mais alto! &#x1f30d;&#x1f680;<\/p>\n\n\n\n<p>Gratid\u00e3o a todos os envolvidos e participantes por fazerem parte desse momento \u00fanico! &#x1f64c;<\/p>\n\n\n\n<p>&#x1f4f7;&nbsp;<a href=\"https:\/\/www.instagram.com\/satv.com.br\/\">@satv.com.br<\/a><a href=\"https:\/\/www.instagram.com\/heaven.art.br\/\">@heaven.art.br<\/a><\/p>\n\n\n\n<p><a href=\"https:\/\/www.instagram.com\/explore\/tags\/conex%C3%A3oitapiranga\/\">#Conex\u00e3oItapiranga<\/a><a href=\"https:\/\/www.instagram.com\/explore\/tags\/uceff\/\">#UCEFF<\/a><a href=\"https:\/\/www.instagram.com\/explore\/tags\/inova%C3%A7%C3%A3o\/\">#Inova\u00e7\u00e3o<\/a><a href=\"https:\/\/www.instagram.com\/explore\/tags\/marcospalhares\/\">#MarcosPalhares<\/a><a href=\"https:\/\/www.instagram.com\/explore\/tags\/networking\/\">#networking<\/a><\/p>\n\n\n\n<figure class=\"wp-block-video\"><video height=\"1280\" style=\"aspect-ratio: 720 \/ 1280;\" width=\"720\" controls src=\"https:\/\/assemit.com.br\/novo\/wp-content\/uploads\/2025\/06\/Sabado-de-conexoes.mp4\"><\/video><\/figure>\n","protected":false},"excerpt":{"rendered":"<p>O Conex\u00e3o Itapiranga segue com uma programa\u00e7\u00e3o incr\u00edvel neste segundo dia de evento! &#x1f4a1; Palestras que marcaram o p\u00fablico, trocas intensas de conhecimento e a presen\u00e7a de grandes nomes que elevaram o n\u00edvel da discuss\u00e3o sobre inova\u00e7\u00e3o, lideran\u00e7a e futuro. [&hellip;]<\/p>\n","protected":false},"author":2,"featured_media":0,"comment_status":"closed","ping_status":"closed","sticky":false,"template":"","format":"standard","meta":{"ngg_post_thumbnail":0,"footnotes":""},"categories":[6],"tags":[],"class_list":["post-4041","post","type-post","status-publish","format-standard","hentry","category-novidades"],"_links":{"self":[{"href":"https:\/\/assemit.com.br\/novo\/index.php?rest_route=\/wp\/v2\/posts\/4041","targetHints":{"allow":["GET"]}}],"collection":[{"href":"https:\/\/assemit.com.br\/novo\/index.php?rest_route=\/wp\/v2\/posts"}],"about":[{"href":"https:\/\/assemit.com.br\/novo\/index.php?rest_route=\/wp\/v2\/types\/post"}],"author":[{"embeddable":true,"href":"https:\/\/assemit.com.br\/novo\/index.php?rest_route=\/wp\/v2\/users\/2"}],"replies":[{"embeddable":true,"href":"https:\/\/assemit.com.br\/novo\/index.php?rest_route=%2Fwp%2Fv2%2Fcomments&post=4041"}],"version-history":[{"count":3,"href":"https:\/\/assemit.com.br\/novo\/index.php?rest_route=\/wp\/v2\/posts\/4041\/revisions"}],"predecessor-version":[{"id":4045,"href":"https:\/\/assemit.com.br\/novo\/index.php?rest_route=\/wp\/v2\/posts\/4041\/revisions\/4045"}],"wp:attachment":[{"href":"https:\/\/assemit.com.br\/novo\/index.php?rest_route=%2Fwp%2Fv2%2Fmedia&parent=4041"}],"wp:term":[{"taxonomy":"category","embeddable":true,"href":"https:\/\/assemit.com.br\/novo\/index.php?rest_route=%2Fwp%2Fv2%2Fcategories&post=4041"},{"taxonomy":"post_tag","embeddable":true,"href":"https:\/\/assemit.com.br\/novo\/index.php?rest_route=%2Fwp%2Fv2%2Ftags&post=4041"}],"curies":[{"name":"wp","href":"https:\/\/api.w.org\/{rel}","templated":true}]}}