{"id":4053,"date":"2025-06-14T10:29:12","date_gmt":"2025-06-14T13:29:12","guid":{"rendered":"https:\/\/assemit.com.br\/novo\/?p=4053"},"modified":"2025-07-18T10:31:21","modified_gmt":"2025-07-18T13:31:21","slug":"assemit-apresenta-sugestoes-para-o-plano-diretor-de-itapiranga","status":"publish","type":"post","link":"https:\/\/assemit.com.br\/novo\/?p=4053","title":{"rendered":"Assemit apresenta sugest\u00f5es para o Plano Diretor de Itapiranga"},"content":{"rendered":"\n<p>O munic\u00edpio realizou nesta semana a 3\u00aa etapa da elabora\u00e7\u00e3o do Plano Diretor, promovendo 02 audi\u00eancias p\u00fablicas. A Assemit, Associa\u00e7\u00e3o Empresarial de Itapiranga reuniu uma equipe com representantes de v\u00e1rios setores incluindo engenheiros, arquitetos, corretores de im\u00f3veis, empreiteiras e lojas de materiais de constru\u00e7\u00e3o. A ideia foi propor ajustes seguindo olhar de especialistas em \u00e1reas espec\u00edficas da constru\u00e7\u00e3o civil.<\/p>\n\n\n\n<p>Conforme o Vice-presidente da Assemit, Airton Sehn, o evento realizado na C\u00e2mara de Vereadores foi positivo. Ele pontuou que a equipe prop\u00f4s altera\u00e7\u00f5es em 19 itens, sendo que v\u00e1rios j\u00e1 estavam sendo contemplados no estudo e algumas quest\u00f5es significam ajustes no projeto do munic\u00edpio e da empresa contratada para elaborar o documento v\u00e1lido para os pr\u00f3ximos 10 anos.<\/p>\n\n\n\n<p>O vice-presidente da Assemit, Advogado Airton Sehn, destaca o pedido para retirar a exig\u00eancia de recuo para constru\u00e7\u00f5es em bairros com terrenos em declive. Cita ainda a regulariza\u00e7\u00e3o de ch\u00e1caras para lazer, principalmente em margens do Rio Uruguai e afluentes, como Peperi, Macaco Branco, Dourado e Fortaleza. Sehn avalia que esta \u00e9 uma forma de fomentar o turismo, criando oportunidade para investimentos.<\/p>\n\n\n\n<p>A proposta visa regularizar pequenas \u00e1reas e permitir que a Prefeitura cobre IPTU destes lotes. O principal debate ocorreu em rela\u00e7\u00e3o \u00e0 altura de pr\u00e9dios com at\u00e9 16 andares. Airton Sehn lembra que Itapiranga j\u00e1 possui um edif\u00edcio de 15 andares, no entanto a legisla\u00e7\u00e3o foi alterada, limitando em sete pavimentos. A proposta do Plano Diretor de at\u00e9 16 pavimentos agrada a equipe de profissionais reunida pela Assemit.<\/p>\n","protected":false},"excerpt":{"rendered":"<p>O munic\u00edpio realizou nesta semana a 3\u00aa etapa da elabora\u00e7\u00e3o do Plano Diretor, promovendo 02 audi\u00eancias p\u00fablicas. A Assemit, Associa\u00e7\u00e3o Empresarial de Itapiranga reuniu uma equipe com representantes de v\u00e1rios setores incluindo engenheiros, arquitetos, corretores de im\u00f3veis, empreiteiras e lojas [&hellip;]<\/p>\n","protected":false},"author":2,"featured_media":4054,"comment_status":"closed","ping_status":"closed","sticky":false,"template":"","format":"standard","meta":{"ngg_post_thumbnail":0,"footnotes":""},"categories":[6],"tags":[],"class_list":["post-4053","post","type-post","status-publish","format-standard","has-post-thumbnail","hentry","category-novidades"],"_links":{"self":[{"href":"https:\/\/assemit.com.br\/novo\/index.php?rest_route=\/wp\/v2\/posts\/4053","targetHints":{"allow":["GET"]}}],"collection":[{"href":"https:\/\/assemit.com.br\/novo\/index.php?rest_route=\/wp\/v2\/posts"}],"about":[{"href":"https:\/\/assemit.com.br\/novo\/index.php?rest_route=\/wp\/v2\/types\/post"}],"author":[{"embeddable":true,"href":"https:\/\/assemit.com.br\/novo\/index.php?rest_route=\/wp\/v2\/users\/2"}],"replies":[{"embeddable":true,"href":"https:\/\/assemit.com.br\/novo\/index.php?rest_route=%2Fwp%2Fv2%2Fcomments&post=4053"}],"version-history":[{"count":1,"href":"https:\/\/assemit.com.br\/novo\/index.php?rest_route=\/wp\/v2\/posts\/4053\/revisions"}],"predecessor-version":[{"id":4055,"href":"https:\/\/assemit.com.br\/novo\/index.php?rest_route=\/wp\/v2\/posts\/4053\/revisions\/4055"}],"wp:featuredmedia":[{"embeddable":true,"href":"https:\/\/assemit.com.br\/novo\/index.php?rest_route=\/wp\/v2\/media\/4054"}],"wp:attachment":[{"href":"https:\/\/assemit.com.br\/novo\/index.php?rest_route=%2Fwp%2Fv2%2Fmedia&parent=4053"}],"wp:term":[{"taxonomy":"category","embeddable":true,"href":"https:\/\/assemit.com.br\/novo\/index.php?rest_route=%2Fwp%2Fv2%2Fcategories&post=4053"},{"taxonomy":"post_tag","embeddable":true,"href":"https:\/\/assemit.com.br\/novo\/index.php?rest_route=%2Fwp%2Fv2%2Ftags&post=4053"}],"curies":[{"name":"wp","href":"https:\/\/api.w.org\/{rel}","templated":true}]}}