{"id":4063,"date":"2025-07-17T10:38:19","date_gmt":"2025-07-17T13:38:19","guid":{"rendered":"https:\/\/assemit.com.br\/novo\/?p=4063"},"modified":"2025-07-18T10:43:35","modified_gmt":"2025-07-18T13:43:35","slug":"2o-cafe-com-associados-debate-recolha-do-lixo-em-itapiranga","status":"publish","type":"post","link":"https:\/\/assemit.com.br\/novo\/?p=4063","title":{"rendered":"2\u00ba Caf\u00e9 com Associados debate recolha do lixo em Itapiranga"},"content":{"rendered":"\n<p>Na manh\u00e3 desta quinta-feira, 17, aconteceu aqui na ASSEMIT a 2\u00aa edi\u00e7\u00e3o do Caf\u00e9 com Associados, com foco na recolha do lixo em Itapiranga e nas mudan\u00e7as anunciadas pela Prefeitura Municipal.<\/p>\n\n\n\n<p>O prefeito Alexandre Ribas participou do encontro e falou sobre a retirada das lixeiras p\u00fablicas, refor\u00e7ando a import\u00e2ncia da conscientiza\u00e7\u00e3o da popula\u00e7\u00e3o. A proposta \u00e9 que cada morador e empres\u00e1rio descarte os res\u00edduos em frente \u00e0 sua propriedade ou estabelecimento, pr\u00f3ximo ao hor\u00e1rio da coleta.<\/p>\n\n\n\n<p>Durante o bate-papo, foram apresentadas d\u00favidas e sugest\u00f5es, especialmente sobre a Rua do Com\u00e9rcio. A ASSEMIT reafirma seu compromisso em colaborar com o poder p\u00fablico para encontrar solu\u00e7\u00f5es pr\u00e1ticas e promover a\u00e7\u00f5es de conscientiza\u00e7\u00e3o.<\/p>\n\n\n\n<p>&#x1f4cd; Di\u00e1logo, escuta e participa\u00e7\u00e3o: esse \u00e9 o prop\u00f3sito do Caf\u00e9 com Associados.<\/p>\n\n\n\n<p><a href=\"https:\/\/www.instagram.com\/explore\/tags\/assemit\/\">#Assemit<\/a><a href=\"https:\/\/www.instagram.com\/explore\/tags\/caf%C3%A9comassociados\/\">#Caf\u00e9ComAssociados<\/a><a href=\"https:\/\/www.instagram.com\/explore\/tags\/itapirangasc\/\">#ItapirangaSC<\/a><a href=\"https:\/\/www.instagram.com\/explore\/tags\/empreendedorismo\/\">#Empreendedorismo<\/a><a href=\"https:\/\/www.instagram.com\/explore\/tags\/responsabilidadecoletiva\/\">#ResponsabilidadeColetiva<\/a><a href=\"https:\/\/www.instagram.com\/explore\/tags\/lixoconsciente\/\">#LixoConsciente<\/a><a href=\"https:\/\/www.instagram.com\/explore\/tags\/sustentabilidade\/\">#Sustentabilidade<\/a><a href=\"https:\/\/www.instagram.com\/explore\/tags\/meioambiente\/\">#MeioAmbiente<\/a><a href=\"https:\/\/www.instagram.com\/explore\/tags\/prefeituradeitapiranga\/\">#PrefeituraDeItapiranga<\/a><a href=\"https:\/\/www.instagram.com\/explore\/tags\/associa%C3%A7%C3%A3oempresarial\/\">#Associa\u00e7\u00e3oEmpresarial<\/a><a href=\"https:\/\/www.instagram.com\/explore\/tags\/coletadelixo\/\">#ColetaDeLixo<\/a><a href=\"https:\/\/www.instagram.com\/explore\/tags\/empresasunidas\/\">#EmpresasUnidas<\/a><\/p>\n\n\n\n<figure class=\"wp-block-video\"><video height=\"1280\" style=\"aspect-ratio: 720 \/ 1280;\" width=\"720\" controls src=\"https:\/\/assemit.com.br\/novo\/wp-content\/uploads\/2025\/07\/2o-Cafe-com-Associados.mp4\"><\/video><\/figure>\n","protected":false},"excerpt":{"rendered":"<p>Na manh\u00e3 desta quinta-feira, 17, aconteceu aqui na ASSEMIT a 2\u00aa edi\u00e7\u00e3o do Caf\u00e9 com Associados, com foco na recolha do lixo em Itapiranga e nas mudan\u00e7as anunciadas pela Prefeitura Municipal. O prefeito Alexandre Ribas participou do encontro e falou [&hellip;]<\/p>\n","protected":false},"author":2,"featured_media":4066,"comment_status":"closed","ping_status":"closed","sticky":false,"template":"","format":"standard","meta":{"ngg_post_thumbnail":0,"footnotes":""},"categories":[6],"tags":[],"class_list":["post-4063","post","type-post","status-publish","format-standard","has-post-thumbnail","hentry","category-novidades"],"_links":{"self":[{"href":"https:\/\/assemit.com.br\/novo\/index.php?rest_route=\/wp\/v2\/posts\/4063","targetHints":{"allow":["GET"]}}],"collection":[{"href":"https:\/\/assemit.com.br\/novo\/index.php?rest_route=\/wp\/v2\/posts"}],"about":[{"href":"https:\/\/assemit.com.br\/novo\/index.php?rest_route=\/wp\/v2\/types\/post"}],"author":[{"embeddable":true,"href":"https:\/\/assemit.com.br\/novo\/index.php?rest_route=\/wp\/v2\/users\/2"}],"replies":[{"embeddable":true,"href":"https:\/\/assemit.com.br\/novo\/index.php?rest_route=%2Fwp%2Fv2%2Fcomments&post=4063"}],"version-history":[{"count":1,"href":"https:\/\/assemit.com.br\/novo\/index.php?rest_route=\/wp\/v2\/posts\/4063\/revisions"}],"predecessor-version":[{"id":4065,"href":"https:\/\/assemit.com.br\/novo\/index.php?rest_route=\/wp\/v2\/posts\/4063\/revisions\/4065"}],"wp:featuredmedia":[{"embeddable":true,"href":"https:\/\/assemit.com.br\/novo\/index.php?rest_route=\/wp\/v2\/media\/4066"}],"wp:attachment":[{"href":"https:\/\/assemit.com.br\/novo\/index.php?rest_route=%2Fwp%2Fv2%2Fmedia&parent=4063"}],"wp:term":[{"taxonomy":"category","embeddable":true,"href":"https:\/\/assemit.com.br\/novo\/index.php?rest_route=%2Fwp%2Fv2%2Fcategories&post=4063"},{"taxonomy":"post_tag","embeddable":true,"href":"https:\/\/assemit.com.br\/novo\/index.php?rest_route=%2Fwp%2Fv2%2Ftags&post=4063"}],"curies":[{"name":"wp","href":"https:\/\/api.w.org\/{rel}","templated":true}]}}