{"id":4068,"date":"2025-07-15T11:05:05","date_gmt":"2025-07-15T14:05:05","guid":{"rendered":"https:\/\/assemit.com.br\/novo\/?p=4068"},"modified":"2025-07-18T11:11:21","modified_gmt":"2025-07-18T14:11:21","slug":"itapiranga-da-passo-importante-na-criacao-do-nucleo-do-e-commerce","status":"publish","type":"post","link":"https:\/\/assemit.com.br\/novo\/?p=4068","title":{"rendered":"Itapiranga d\u00e1 passo importante na cria\u00e7\u00e3o do N\u00facleo do E-commerce"},"content":{"rendered":"\n<p>Na noite desta ter\u00e7a-feira (14), a ASSEMIT Associa\u00e7\u00e3o Empresarial e Cultural de Itapiranga realizou um encontro especial para a sensibiliza\u00e7\u00e3o e mobiliza\u00e7\u00e3o de empres\u00e1rios na cria\u00e7\u00e3o do N\u00facleo de E-commerce.<\/p>\n\n\n\n<p>Como presidente da entidade, Francelino Ribeiro destacou a import\u00e2ncia de organizar um n\u00facleo estruturado, que promova a profissionaliza\u00e7\u00e3o do setor e impulsione as vendas online na regi\u00e3o.<\/p>\n\n\n\n<p>O empres\u00e1rio e diretor de e-commerce da ASSEMIT, Roberto Lenz, compartilhou sua vis\u00e3o sobre os pr\u00f3ximos passos do n\u00facleo, enfatizando a oportunidade de integra\u00e7\u00e3o com o n\u00facleo j\u00e1 consolidado de S\u00e3o Miguel do Oeste, refer\u00eancia no setor.<\/p>\n\n\n\n<p>A consultora da FACISC, Simone Klunk, tamb\u00e9m esteve presente e apresentou o funcionamento do programa \u201cEmpreender\u201d, destacando boas pr\u00e1ticas e orienta\u00e7\u00f5es para a forma\u00e7\u00e3o de um n\u00facleo colaborativo e forte.<\/p>\n\n\n\n<p>A noite contou com a presen\u00e7a de aproximadamente 30 empres\u00e1rios locais, mostrando o grande interesse da classe empresarial de Itapiranga em evoluir e se preparar para os desafios e oportunidades do com\u00e9rcio eletr\u00f4nico.<\/p>\n\n\n\n<figure class=\"wp-block-video\"><video height=\"1280\" style=\"aspect-ratio: 720 \/ 1280;\" width=\"720\" controls src=\"https:\/\/assemit.com.br\/novo\/wp-content\/uploads\/2025\/07\/Nucleo-do-E-commerce.mp4\"><\/video><\/figure>\n","protected":false},"excerpt":{"rendered":"<p>Na noite desta ter\u00e7a-feira (14), a ASSEMIT Associa\u00e7\u00e3o Empresarial e Cultural de Itapiranga realizou um encontro especial para a sensibiliza\u00e7\u00e3o e mobiliza\u00e7\u00e3o de empres\u00e1rios na cria\u00e7\u00e3o do N\u00facleo de E-commerce. Como presidente da entidade, Francelino Ribeiro destacou a import\u00e2ncia de [&hellip;]<\/p>\n","protected":false},"author":2,"featured_media":4071,"comment_status":"closed","ping_status":"closed","sticky":false,"template":"","format":"standard","meta":{"ngg_post_thumbnail":0,"footnotes":""},"categories":[6],"tags":[],"class_list":["post-4068","post","type-post","status-publish","format-standard","has-post-thumbnail","hentry","category-novidades"],"_links":{"self":[{"href":"https:\/\/assemit.com.br\/novo\/index.php?rest_route=\/wp\/v2\/posts\/4068","targetHints":{"allow":["GET"]}}],"collection":[{"href":"https:\/\/assemit.com.br\/novo\/index.php?rest_route=\/wp\/v2\/posts"}],"about":[{"href":"https:\/\/assemit.com.br\/novo\/index.php?rest_route=\/wp\/v2\/types\/post"}],"author":[{"embeddable":true,"href":"https:\/\/assemit.com.br\/novo\/index.php?rest_route=\/wp\/v2\/users\/2"}],"replies":[{"embeddable":true,"href":"https:\/\/assemit.com.br\/novo\/index.php?rest_route=%2Fwp%2Fv2%2Fcomments&post=4068"}],"version-history":[{"count":2,"href":"https:\/\/assemit.com.br\/novo\/index.php?rest_route=\/wp\/v2\/posts\/4068\/revisions"}],"predecessor-version":[{"id":4072,"href":"https:\/\/assemit.com.br\/novo\/index.php?rest_route=\/wp\/v2\/posts\/4068\/revisions\/4072"}],"wp:featuredmedia":[{"embeddable":true,"href":"https:\/\/assemit.com.br\/novo\/index.php?rest_route=\/wp\/v2\/media\/4071"}],"wp:attachment":[{"href":"https:\/\/assemit.com.br\/novo\/index.php?rest_route=%2Fwp%2Fv2%2Fmedia&parent=4068"}],"wp:term":[{"taxonomy":"category","embeddable":true,"href":"https:\/\/assemit.com.br\/novo\/index.php?rest_route=%2Fwp%2Fv2%2Fcategories&post=4068"},{"taxonomy":"post_tag","embeddable":true,"href":"https:\/\/assemit.com.br\/novo\/index.php?rest_route=%2Fwp%2Fv2%2Ftags&post=4068"}],"curies":[{"name":"wp","href":"https:\/\/api.w.org\/{rel}","templated":true}]}}