{"id":407,"date":"2017-03-23T11:44:30","date_gmt":"2017-03-23T14:44:30","guid":{"rendered":"http:\/\/novo2017.assemit.com.br\/?p=407"},"modified":"2017-08-06T14:04:44","modified_gmt":"2017-08-06T17:04:44","slug":"assemit-promove-palestra-sobre-os-rumos-da-economia","status":"publish","type":"post","link":"https:\/\/assemit.com.br\/novo\/?p=407","title":{"rendered":"Assemit promove palestra sobre os rumos da economia"},"content":{"rendered":"<div id=\"js_5ka\" class=\"_5pbx userContent\" style=\"font-size: 14px; line-height: 1.38; font-family: Helvetica, Arial, sans-serif; color: #1d2129;\" data-ft=\"{&quot;tn&quot;:&quot;K&quot;}\">\n<p style=\"margin: 0px; display: inline; font-family: inherit;\"><img loading=\"lazy\" decoding=\"async\" class=\" size-full wp-image-404\" src=\"http:\/\/novo2017.assemit.com.br\/wp-content\/uploads\/2017\/03\/economista-5.jpg\" alt=\"\" width=\"1920\" height=\"1280\" srcset=\"https:\/\/assemit.com.br\/novo\/wp-content\/uploads\/2017\/03\/economista-5.jpg 1920w, https:\/\/assemit.com.br\/novo\/wp-content\/uploads\/2017\/03\/economista-5-300x200.jpg 300w, https:\/\/assemit.com.br\/novo\/wp-content\/uploads\/2017\/03\/economista-5-768x512.jpg 768w, https:\/\/assemit.com.br\/novo\/wp-content\/uploads\/2017\/03\/economista-5-1024x683.jpg 1024w, https:\/\/assemit.com.br\/novo\/wp-content\/uploads\/2017\/03\/economista-5-619x413.jpg 619w\" sizes=\"auto, (max-width: 1920px) 100vw, 1920px\" \/>Nesta ter\u00e7a-feira, 21\/03, a Associa\u00e7\u00e3o dos Empres\u00e1rios de Itapiranga, realizou uma palestra com o economista da Facisc, Leonardo Alonso Rodrigues, com o tema, Os Rumos da Economia e seus Impactos no Munic\u00edpio de Itapiranga.<\/p>\n<p style=\"margin: 0px; display: inline; font-family: inherit;\">\n<p style=\"margin: 0px; display: inline; font-family: inherit;\">\n<p style=\"margin: 0px; display: inline; font-family: inherit;\">O evento aconteceu na C\u00e2mara de Vereadores, com a participa\u00e7\u00e3o de Empres\u00e1rios e acad\u00eamicos do curso de Ci\u00eancias Cont\u00e1beis da FAI Faculdades.<\/p>\n<p style=\"margin: 0px; display: inline; font-family: inherit;\">\n<p style=\"margin: 0px; display: inline; font-family: inherit;\">\n<p style=\"margin: 0px; display: inline; font-family: inherit;\">\n<p style=\"margin: 0px; display: inline; font-family: inherit;\">Antes da palestra do economista,\u00a0o coordenador do programa de controle da Dengue no munic\u00edpio, Alcenir Benachio, e o Vice-prefeito de Itapiranga, Fernando Girardi falaram sobre a prolifera\u00e7\u00e3o do mosquito transmissor em Itapiranga.<\/p>\n<p style=\"margin: 0px; display: inline; font-family: inherit;\">\n<p style=\"margin: 0px; display: inline; font-family: inherit;\"><img loading=\"lazy\" decoding=\"async\" class=\" size-full wp-image-405\" src=\"http:\/\/novo2017.assemit.com.br\/wp-content\/uploads\/2017\/03\/economista-9.jpg\" alt=\"\" width=\"1825\" height=\"1231\" srcset=\"https:\/\/assemit.com.br\/novo\/wp-content\/uploads\/2017\/03\/economista-9.jpg 1825w, https:\/\/assemit.com.br\/novo\/wp-content\/uploads\/2017\/03\/economista-9-300x202.jpg 300w, https:\/\/assemit.com.br\/novo\/wp-content\/uploads\/2017\/03\/economista-9-768x518.jpg 768w, https:\/\/assemit.com.br\/novo\/wp-content\/uploads\/2017\/03\/economista-9-1024x691.jpg 1024w, https:\/\/assemit.com.br\/novo\/wp-content\/uploads\/2017\/03\/economista-9-619x418.jpg 619w\" sizes=\"auto, (max-width: 1825px) 100vw, 1825px\" \/><\/p>\n<p style=\"margin: 0px; display: inline; font-family: inherit;\"><img loading=\"lazy\" decoding=\"async\" class=\" size-full wp-image-406\" src=\"http:\/\/novo2017.assemit.com.br\/wp-content\/uploads\/2017\/03\/economista-1.jpg\" alt=\"\" width=\"1920\" height=\"1284\" srcset=\"https:\/\/assemit.com.br\/novo\/wp-content\/uploads\/2017\/03\/economista-1.jpg 1920w, https:\/\/assemit.com.br\/novo\/wp-content\/uploads\/2017\/03\/economista-1-300x201.jpg 300w, https:\/\/assemit.com.br\/novo\/wp-content\/uploads\/2017\/03\/economista-1-768x514.jpg 768w, https:\/\/assemit.com.br\/novo\/wp-content\/uploads\/2017\/03\/economista-1-1024x685.jpg 1024w, https:\/\/assemit.com.br\/novo\/wp-content\/uploads\/2017\/03\/economista-1-619x414.jpg 619w\" sizes=\"auto, (max-width: 1920px) 100vw, 1920px\" \/><\/p>\n<\/div>\n","protected":false},"excerpt":{"rendered":"<p>Nesta ter\u00e7a-feira, 21\/03, a Associa\u00e7\u00e3o dos Empres\u00e1rios de Itapiranga, realizou uma palestra com o economista da Facisc, Leonardo Alonso Rodrigues, com o tema, Os Rumos da Economia e seus Impactos no Munic\u00edpio de Itapiranga. O evento aconteceu na C\u00e2mara de [&hellip;]<\/p>\n","protected":false},"author":1,"featured_media":0,"comment_status":"closed","ping_status":"closed","sticky":false,"template":"","format":"standard","meta":{"ngg_post_thumbnail":0,"footnotes":""},"categories":[6],"tags":[],"class_list":["post-407","post","type-post","status-publish","format-standard","hentry","category-novidades"],"_links":{"self":[{"href":"https:\/\/assemit.com.br\/novo\/index.php?rest_route=\/wp\/v2\/posts\/407","targetHints":{"allow":["GET"]}}],"collection":[{"href":"https:\/\/assemit.com.br\/novo\/index.php?rest_route=\/wp\/v2\/posts"}],"about":[{"href":"https:\/\/assemit.com.br\/novo\/index.php?rest_route=\/wp\/v2\/types\/post"}],"author":[{"embeddable":true,"href":"https:\/\/assemit.com.br\/novo\/index.php?rest_route=\/wp\/v2\/users\/1"}],"replies":[{"embeddable":true,"href":"https:\/\/assemit.com.br\/novo\/index.php?rest_route=%2Fwp%2Fv2%2Fcomments&post=407"}],"version-history":[{"count":2,"href":"https:\/\/assemit.com.br\/novo\/index.php?rest_route=\/wp\/v2\/posts\/407\/revisions"}],"predecessor-version":[{"id":472,"href":"https:\/\/assemit.com.br\/novo\/index.php?rest_route=\/wp\/v2\/posts\/407\/revisions\/472"}],"wp:attachment":[{"href":"https:\/\/assemit.com.br\/novo\/index.php?rest_route=%2Fwp%2Fv2%2Fmedia&parent=407"}],"wp:term":[{"taxonomy":"category","embeddable":true,"href":"https:\/\/assemit.com.br\/novo\/index.php?rest_route=%2Fwp%2Fv2%2Fcategories&post=407"},{"taxonomy":"post_tag","embeddable":true,"href":"https:\/\/assemit.com.br\/novo\/index.php?rest_route=%2Fwp%2Fv2%2Ftags&post=407"}],"curies":[{"name":"wp","href":"https:\/\/api.w.org\/{rel}","templated":true}]}}