{"id":408,"date":"2017-05-03T13:33:00","date_gmt":"2017-05-03T16:33:00","guid":{"rendered":"http:\/\/novo2017.assemit.com.br\/?p=408"},"modified":"2017-08-06T13:52:42","modified_gmt":"2017-08-06T16:52:42","slug":"9-efrait-e-sucesso-de-publico-e-organizacao","status":"publish","type":"post","link":"https:\/\/assemit.com.br\/novo\/?p=408","title":{"rendered":"9\u00aa Efrait \u00e9 sucesso de p\u00fablico e organiza\u00e7\u00e3o"},"content":{"rendered":"<p style=\"box-sizing: border-box; margin: 0px 0px 1.5em; padding: 0px; font-family: 'Open Sans', sans-serif; font-size: 14px;\"><em style=\"box-sizing: border-box; margin: 0px; padding: 0px;\"><img loading=\"lazy\" decoding=\"async\" class=\"alignnone size-full wp-image-730\" style=\"box-sizing: border-box; margin: 0px 0px 5px; padding: 0px; border: 0px; height: auto; max-width: 100%; color: #237215; font-style: normal;\" src=\"http:\/\/assemit.com.br\/efrait2017\/wp-content\/uploads\/2017\/05\/efrait2017-.jpg\" sizes=\"auto, (max-width: 800px) 100vw, 800px\" srcset=\"http:\/\/assemit.com.br\/efrait2017\/wp-content\/uploads\/2017\/05\/efrait2017-.jpg 800w, http:\/\/assemit.com.br\/efrait2017\/wp-content\/uploads\/2017\/05\/efrait2017--300x169.jpg 300w, http:\/\/assemit.com.br\/efrait2017\/wp-content\/uploads\/2017\/05\/efrait2017--768x432.jpg 768w\" alt=\"\" width=\"800\" height=\"450\" \/><br \/><\/em><\/p>\n<p style=\"box-sizing: border-box; margin: 0px 0px 1.5em; padding: 0px; font-family: 'Open Sans', sans-serif; font-size: 14px;\"><em style=\"box-sizing: border-box; margin: 0px; padding: 0px;\">Mais de 30 mil pessoas visitaram o parque de exposi\u00e7\u00f5es durante o final de semana<\/em><\/p>\n<p style=\"box-sizing: border-box; margin: 0px 0px 1.5em; padding: 0px; font-family: 'Open Sans', sans-serif; font-size: 14px;\">Agropecu\u00e1ria, neg\u00f3cios, shows, gastronomia, cultura e lazer. Quem participou da 9\u00aa Efrait nos dias 28 a 30 de abril em Itapiranga, pode desfrutar de momentos de alegria junto a amigos e familiares.<\/p>\n<p style=\"box-sizing: border-box; margin: 0px 0px 1.5em; padding: 0px; font-family: 'Open Sans', sans-serif; font-size: 14px;\">Desde a noite de sexta-feira, o Complexo Oktober recebeu intenso movimento de expositores e visitantes. O ingresso livre durante os tr\u00eas dias, para visita\u00e7\u00e3o dos estandes, pra\u00e7as de alimenta\u00e7\u00e3o e palco cultural, foi um atrativo a mais na extensa programa\u00e7\u00e3o.<\/p>\n<p style=\"box-sizing: border-box; margin: 0px 0px 1.5em; padding: 0px; font-family: 'Open Sans', sans-serif; font-size: 14px;\">Nas tr\u00eas noites de evento, a arena de shows proporcionou brilho especial \u00e0 9\u00aa Efrait, e mesmo com temperaturas mais baixas, o p\u00fablico surpreendeu em participa\u00e7\u00e3o nas apresenta\u00e7\u00f5es. Mais de 5 mil pessoas acompanharam os shows de Nenhum de N\u00f3s, Conrado e Aleksandro, e Oswaldir e Carlos Magr\u00e3o.<\/p>\n<p style=\"box-sizing: border-box; margin: 0px 0px 1.5em; padding: 0px; font-family: 'Open Sans', sans-serif; font-size: 14px;\">De acordo com a comiss\u00e3o organizadora, todas as expectativas foram superadas. O p\u00fablico elogiou a estrutura e organiza\u00e7\u00e3o da feira, que neste ano teve foco principal em trazer novidades, proporcionando oportunidades tanto para expositores quanto para os visitantes.<\/p>\n<p style=\"box-sizing: border-box; margin: 0px 0px 1.5em; padding: 0px; font-family: 'Open Sans', sans-serif; font-size: 14px;\"><em>A 9\u00aa Efrait entra para a hist\u00f3ria por seus dias especiais para visitantes, expositores e todos que viveram momentos de alegria nesta grande feira. Muito obrigado a todos!<\/em><\/p>\n<p style=\"box-sizing: border-box; margin: 0px 0px 1.5em; padding: 0px; font-family: 'Open Sans', sans-serif; font-size: 14px;\"><em>MELHORES MOMENTOS &#8211; Os dias 28 a 30 de abril de 2017 foram especiais para Itapiranga e regi\u00e3o! Confira um resumo dos melhores momentos da 9\u00aa Efrait. J\u00e1 estamos com saudades!<\/em><\/p>\n<p> <iframe loading=\"lazy\" src=\"https:\/\/www.facebook.com\/plugins\/video.php?href=https%3A%2F%2Fwww.facebook.com%2Fefraititapirangasc%2Fvideos%2F1328796003881138%2F&#038;show_text=0&#038;width=560\" width=\"730\" height=\"415\" style=\"border:none;overflow:hidden\" scrolling=\"no\" frameborder=\"0\" allowTransparency=\"true\" allowFullScreen=\"true\"><\/iframe><\/p>\n","protected":false},"excerpt":{"rendered":"<p>Mais de 30 mil pessoas visitaram o parque de exposi\u00e7\u00f5es durante o final de semana Agropecu\u00e1ria, neg\u00f3cios, shows, gastronomia, cultura e lazer. Quem participou da 9\u00aa Efrait nos dias 28 a 30 de abril em Itapiranga, pode desfrutar de momentos [&hellip;]<\/p>\n","protected":false},"author":1,"featured_media":0,"comment_status":"closed","ping_status":"closed","sticky":false,"template":"","format":"standard","meta":{"ngg_post_thumbnail":0,"footnotes":""},"categories":[6],"tags":[],"class_list":["post-408","post","type-post","status-publish","format-standard","hentry","category-novidades"],"_links":{"self":[{"href":"https:\/\/assemit.com.br\/novo\/index.php?rest_route=\/wp\/v2\/posts\/408","targetHints":{"allow":["GET"]}}],"collection":[{"href":"https:\/\/assemit.com.br\/novo\/index.php?rest_route=\/wp\/v2\/posts"}],"about":[{"href":"https:\/\/assemit.com.br\/novo\/index.php?rest_route=\/wp\/v2\/types\/post"}],"author":[{"embeddable":true,"href":"https:\/\/assemit.com.br\/novo\/index.php?rest_route=\/wp\/v2\/users\/1"}],"replies":[{"embeddable":true,"href":"https:\/\/assemit.com.br\/novo\/index.php?rest_route=%2Fwp%2Fv2%2Fcomments&post=408"}],"version-history":[{"count":1,"href":"https:\/\/assemit.com.br\/novo\/index.php?rest_route=\/wp\/v2\/posts\/408\/revisions"}],"predecessor-version":[{"id":465,"href":"https:\/\/assemit.com.br\/novo\/index.php?rest_route=\/wp\/v2\/posts\/408\/revisions\/465"}],"wp:attachment":[{"href":"https:\/\/assemit.com.br\/novo\/index.php?rest_route=%2Fwp%2Fv2%2Fmedia&parent=408"}],"wp:term":[{"taxonomy":"category","embeddable":true,"href":"https:\/\/assemit.com.br\/novo\/index.php?rest_route=%2Fwp%2Fv2%2Fcategories&post=408"},{"taxonomy":"post_tag","embeddable":true,"href":"https:\/\/assemit.com.br\/novo\/index.php?rest_route=%2Fwp%2Fv2%2Ftags&post=408"}],"curies":[{"name":"wp","href":"https:\/\/api.w.org\/{rel}","templated":true}]}}