{"id":4084,"date":"2025-08-12T10:01:15","date_gmt":"2025-08-12T13:01:15","guid":{"rendered":"https:\/\/assemit.com.br\/novo\/?p=4084"},"modified":"2025-08-18T10:03:57","modified_gmt":"2025-08-18T13:03:57","slug":"integracao-dos-nucleos-de-itapiranga","status":"publish","type":"post","link":"https:\/\/assemit.com.br\/novo\/?p=4084","title":{"rendered":"Integra\u00e7\u00e3o dos N\u00facleos de Itapiranga"},"content":{"rendered":"\n<p>O N\u00facleo de Jovens Empreendedores participou de um encontro especial reunindo todos os n\u00facleos da ASSEMIT.<\/p>\n\n\n\n<p>&#x1f4ac; Durante a noite, cada n\u00facleo apresentou suas atividades e compartilhou experi\u00eancias inspiradoras.<\/p>\n\n\n\n<p>&#x1f91d; Encerramos com uma animada confraterniza\u00e7\u00e3o, fortalecendo la\u00e7os e criando novas conex\u00f5es.<\/p>\n\n\n\n<figure class=\"wp-block-image size-large\"><a href=\"https:\/\/assemit.com.br\/novo\/wp-content\/uploads\/2025\/08\/nucleo_jovens1.webp\"><img loading=\"lazy\" decoding=\"async\" width=\"1024\" height=\"1024\" src=\"https:\/\/assemit.com.br\/novo\/wp-content\/uploads\/2025\/08\/nucleo_jovens1-1024x1024.webp\" alt=\"\" class=\"wp-image-4085\" srcset=\"https:\/\/assemit.com.br\/novo\/wp-content\/uploads\/2025\/08\/nucleo_jovens1-1024x1024.webp 1024w, https:\/\/assemit.com.br\/novo\/wp-content\/uploads\/2025\/08\/nucleo_jovens1-300x300.webp 300w, https:\/\/assemit.com.br\/novo\/wp-content\/uploads\/2025\/08\/nucleo_jovens1-150x150.webp 150w, https:\/\/assemit.com.br\/novo\/wp-content\/uploads\/2025\/08\/nucleo_jovens1-768x768.webp 768w, https:\/\/assemit.com.br\/novo\/wp-content\/uploads\/2025\/08\/nucleo_jovens1.webp 1080w\" sizes=\"auto, (max-width: 1024px) 100vw, 1024px\" \/><\/a><\/figure>\n","protected":false},"excerpt":{"rendered":"<p>O N\u00facleo de Jovens Empreendedores participou de um encontro especial reunindo todos os n\u00facleos da ASSEMIT. &#x1f4ac; Durante a noite, cada n\u00facleo apresentou suas atividades e compartilhou experi\u00eancias inspiradoras. &#x1f91d; Encerramos com uma animada confraterniza\u00e7\u00e3o, fortalecendo la\u00e7os e criando novas [&hellip;]<\/p>\n","protected":false},"author":2,"featured_media":4086,"comment_status":"closed","ping_status":"closed","sticky":false,"template":"","format":"standard","meta":{"ngg_post_thumbnail":0,"footnotes":""},"categories":[6],"tags":[],"class_list":["post-4084","post","type-post","status-publish","format-standard","has-post-thumbnail","hentry","category-novidades"],"_links":{"self":[{"href":"https:\/\/assemit.com.br\/novo\/index.php?rest_route=\/wp\/v2\/posts\/4084","targetHints":{"allow":["GET"]}}],"collection":[{"href":"https:\/\/assemit.com.br\/novo\/index.php?rest_route=\/wp\/v2\/posts"}],"about":[{"href":"https:\/\/assemit.com.br\/novo\/index.php?rest_route=\/wp\/v2\/types\/post"}],"author":[{"embeddable":true,"href":"https:\/\/assemit.com.br\/novo\/index.php?rest_route=\/wp\/v2\/users\/2"}],"replies":[{"embeddable":true,"href":"https:\/\/assemit.com.br\/novo\/index.php?rest_route=%2Fwp%2Fv2%2Fcomments&post=4084"}],"version-history":[{"count":1,"href":"https:\/\/assemit.com.br\/novo\/index.php?rest_route=\/wp\/v2\/posts\/4084\/revisions"}],"predecessor-version":[{"id":4087,"href":"https:\/\/assemit.com.br\/novo\/index.php?rest_route=\/wp\/v2\/posts\/4084\/revisions\/4087"}],"wp:featuredmedia":[{"embeddable":true,"href":"https:\/\/assemit.com.br\/novo\/index.php?rest_route=\/wp\/v2\/media\/4086"}],"wp:attachment":[{"href":"https:\/\/assemit.com.br\/novo\/index.php?rest_route=%2Fwp%2Fv2%2Fmedia&parent=4084"}],"wp:term":[{"taxonomy":"category","embeddable":true,"href":"https:\/\/assemit.com.br\/novo\/index.php?rest_route=%2Fwp%2Fv2%2Fcategories&post=4084"},{"taxonomy":"post_tag","embeddable":true,"href":"https:\/\/assemit.com.br\/novo\/index.php?rest_route=%2Fwp%2Fv2%2Ftags&post=4084"}],"curies":[{"name":"wp","href":"https:\/\/api.w.org\/{rel}","templated":true}]}}