{"id":4088,"date":"2025-08-13T10:06:17","date_gmt":"2025-08-13T13:06:17","guid":{"rendered":"https:\/\/assemit.com.br\/novo\/?p=4088"},"modified":"2025-08-18T10:07:10","modified_gmt":"2025-08-18T13:07:10","slug":"encontro-dos-nucleos","status":"publish","type":"post","link":"https:\/\/assemit.com.br\/novo\/?p=4088","title":{"rendered":"Encontro dos N\u00facleos"},"content":{"rendered":"\n<p>No dia 11 de agosto, a Associa\u00e7\u00e3o Empresarial e Cultural de Itapiranga \u2013 Assemit se reuniu para o Encontro dos N\u00facleos, uma celebra\u00e7\u00e3o especial em homenagem ao M\u00eas dos N\u00facleos!<\/p>\n\n\n\n<p>Foi uma oportunidade incr\u00edvel de fortalecer la\u00e7os, conhecer melhor cada n\u00facleo e celebrar nossas conquistas com as fam\u00edlias.<\/p>\n\n\n\n<p>A programa\u00e7\u00e3o come\u00e7ou com uma apresenta\u00e7\u00e3o de cada n\u00facleo, onde todos conheceram um pouco mais sobre suas atividades, hist\u00f3rias e talentos. Depois, foi servido uma deliciosa janta, acompanhada de m\u00fasica ao vivo para animar ainda mais a noite!<\/p>\n\n\n\n<p>A presen\u00e7a de todos faz do evento um momento inesquec\u00edvel de uni\u00e3o e celebra\u00e7\u00e3o do empreendedorismo na nossa comunidade.<\/p>\n\n\n\n<figure class=\"wp-block-image size-large\"><a href=\"https:\/\/assemit.com.br\/novo\/wp-content\/uploads\/2025\/08\/encontro_dos_nucleos1.webp\"><img loading=\"lazy\" decoding=\"async\" width=\"1024\" height=\"1024\" src=\"https:\/\/assemit.com.br\/novo\/wp-content\/uploads\/2025\/08\/encontro_dos_nucleos1-1024x1024.webp\" alt=\"\" class=\"wp-image-4090\" srcset=\"https:\/\/assemit.com.br\/novo\/wp-content\/uploads\/2025\/08\/encontro_dos_nucleos1-1024x1024.webp 1024w, https:\/\/assemit.com.br\/novo\/wp-content\/uploads\/2025\/08\/encontro_dos_nucleos1-300x300.webp 300w, https:\/\/assemit.com.br\/novo\/wp-content\/uploads\/2025\/08\/encontro_dos_nucleos1-150x150.webp 150w, https:\/\/assemit.com.br\/novo\/wp-content\/uploads\/2025\/08\/encontro_dos_nucleos1-768x768.webp 768w, https:\/\/assemit.com.br\/novo\/wp-content\/uploads\/2025\/08\/encontro_dos_nucleos1.webp 1080w\" sizes=\"auto, (max-width: 1024px) 100vw, 1024px\" \/><\/a><\/figure>\n","protected":false},"excerpt":{"rendered":"<p>No dia 11 de agosto, a Associa\u00e7\u00e3o Empresarial e Cultural de Itapiranga \u2013 Assemit se reuniu para o Encontro dos N\u00facleos, uma celebra\u00e7\u00e3o especial em homenagem ao M\u00eas dos N\u00facleos! Foi uma oportunidade incr\u00edvel de fortalecer la\u00e7os, conhecer melhor cada [&hellip;]<\/p>\n","protected":false},"author":2,"featured_media":4089,"comment_status":"closed","ping_status":"closed","sticky":false,"template":"","format":"standard","meta":{"ngg_post_thumbnail":0,"footnotes":""},"categories":[1],"tags":[],"class_list":["post-4088","post","type-post","status-publish","format-standard","has-post-thumbnail","hentry","category-sem-categoria"],"_links":{"self":[{"href":"https:\/\/assemit.com.br\/novo\/index.php?rest_route=\/wp\/v2\/posts\/4088","targetHints":{"allow":["GET"]}}],"collection":[{"href":"https:\/\/assemit.com.br\/novo\/index.php?rest_route=\/wp\/v2\/posts"}],"about":[{"href":"https:\/\/assemit.com.br\/novo\/index.php?rest_route=\/wp\/v2\/types\/post"}],"author":[{"embeddable":true,"href":"https:\/\/assemit.com.br\/novo\/index.php?rest_route=\/wp\/v2\/users\/2"}],"replies":[{"embeddable":true,"href":"https:\/\/assemit.com.br\/novo\/index.php?rest_route=%2Fwp%2Fv2%2Fcomments&post=4088"}],"version-history":[{"count":1,"href":"https:\/\/assemit.com.br\/novo\/index.php?rest_route=\/wp\/v2\/posts\/4088\/revisions"}],"predecessor-version":[{"id":4091,"href":"https:\/\/assemit.com.br\/novo\/index.php?rest_route=\/wp\/v2\/posts\/4088\/revisions\/4091"}],"wp:featuredmedia":[{"embeddable":true,"href":"https:\/\/assemit.com.br\/novo\/index.php?rest_route=\/wp\/v2\/media\/4089"}],"wp:attachment":[{"href":"https:\/\/assemit.com.br\/novo\/index.php?rest_route=%2Fwp%2Fv2%2Fmedia&parent=4088"}],"wp:term":[{"taxonomy":"category","embeddable":true,"href":"https:\/\/assemit.com.br\/novo\/index.php?rest_route=%2Fwp%2Fv2%2Fcategories&post=4088"},{"taxonomy":"post_tag","embeddable":true,"href":"https:\/\/assemit.com.br\/novo\/index.php?rest_route=%2Fwp%2Fv2%2Ftags&post=4088"}],"curies":[{"name":"wp","href":"https:\/\/api.w.org\/{rel}","templated":true}]}}