{"id":4092,"date":"2025-08-12T10:09:25","date_gmt":"2025-08-12T13:09:25","guid":{"rendered":"https:\/\/assemit.com.br\/novo\/?p=4092"},"modified":"2025-08-18T10:12:02","modified_gmt":"2025-08-18T13:12:02","slug":"nosso-presidente-da-eeb-sao-vicente","status":"publish","type":"post","link":"https:\/\/assemit.com.br\/novo\/?p=4092","title":{"rendered":"Nosso presidente na EEB S\u00e3o Vicente"},"content":{"rendered":"\n<p>Hoje estive com os jovens do segundo ano da&nbsp;<a href=\"https:\/\/www.instagram.com\/eebsaovicente\/\">@eebsaovicente<\/a>&nbsp;falando sobre empreendendorismo e associativismo atrav\u00e9s da&nbsp;<a href=\"https:\/\/www.instagram.com\/assemit.itapiranga\/\">@assemit.itapiranga<\/a>&nbsp;junto com o programa Gera\u00e7\u00e3o Empreendedora da&nbsp;<a href=\"https:\/\/www.instagram.com\/facisc\/\">@facisc<\/a>&nbsp;&#x1f680;&#x1f64f;<\/p>\n\n\n\n<p>Gratid\u00e3o pelo convite dos n\u00facleos dos jovens e automec\u00e2nicas, sempre \u00e9 bom poder compartilhar e inspirar jovens &#x1f680;&#x1f64c;<\/p>\n\n\n\n<figure class=\"wp-block-video\"><video height=\"1280\" style=\"aspect-ratio: 720 \/ 1280;\" width=\"720\" controls src=\"https:\/\/assemit.com.br\/novo\/wp-content\/uploads\/2025\/08\/eebsaovicente.mp4\"><\/video><\/figure>\n","protected":false},"excerpt":{"rendered":"<p>Hoje estive com os jovens do segundo ano da&nbsp;@eebsaovicente&nbsp;falando sobre empreendendorismo e associativismo atrav\u00e9s da&nbsp;@assemit.itapiranga&nbsp;junto com o programa Gera\u00e7\u00e3o Empreendedora da&nbsp;@facisc&nbsp;&#x1f680;&#x1f64f; Gratid\u00e3o pelo convite dos n\u00facleos dos jovens e automec\u00e2nicas, sempre \u00e9 bom poder compartilhar e inspirar jovens &#x1f680;&#x1f64c;<\/p>\n","protected":false},"author":2,"featured_media":0,"comment_status":"closed","ping_status":"closed","sticky":false,"template":"","format":"standard","meta":{"ngg_post_thumbnail":0,"footnotes":""},"categories":[6],"tags":[],"class_list":["post-4092","post","type-post","status-publish","format-standard","hentry","category-novidades"],"_links":{"self":[{"href":"https:\/\/assemit.com.br\/novo\/index.php?rest_route=\/wp\/v2\/posts\/4092","targetHints":{"allow":["GET"]}}],"collection":[{"href":"https:\/\/assemit.com.br\/novo\/index.php?rest_route=\/wp\/v2\/posts"}],"about":[{"href":"https:\/\/assemit.com.br\/novo\/index.php?rest_route=\/wp\/v2\/types\/post"}],"author":[{"embeddable":true,"href":"https:\/\/assemit.com.br\/novo\/index.php?rest_route=\/wp\/v2\/users\/2"}],"replies":[{"embeddable":true,"href":"https:\/\/assemit.com.br\/novo\/index.php?rest_route=%2Fwp%2Fv2%2Fcomments&post=4092"}],"version-history":[{"count":2,"href":"https:\/\/assemit.com.br\/novo\/index.php?rest_route=\/wp\/v2\/posts\/4092\/revisions"}],"predecessor-version":[{"id":4095,"href":"https:\/\/assemit.com.br\/novo\/index.php?rest_route=\/wp\/v2\/posts\/4092\/revisions\/4095"}],"wp:attachment":[{"href":"https:\/\/assemit.com.br\/novo\/index.php?rest_route=%2Fwp%2Fv2%2Fmedia&parent=4092"}],"wp:term":[{"taxonomy":"category","embeddable":true,"href":"https:\/\/assemit.com.br\/novo\/index.php?rest_route=%2Fwp%2Fv2%2Fcategories&post=4092"},{"taxonomy":"post_tag","embeddable":true,"href":"https:\/\/assemit.com.br\/novo\/index.php?rest_route=%2Fwp%2Fv2%2Ftags&post=4092"}],"curies":[{"name":"wp","href":"https:\/\/api.w.org\/{rel}","templated":true}]}}