{"id":4097,"date":"2025-08-22T07:36:39","date_gmt":"2025-08-22T10:36:39","guid":{"rendered":"https:\/\/assemit.com.br\/novo\/?p=4097"},"modified":"2025-08-27T07:40:27","modified_gmt":"2025-08-27T10:40:27","slug":"nucleo-jovem-empreendedor-promove-5o-work-chopp","status":"publish","type":"post","link":"https:\/\/assemit.com.br\/novo\/?p=4097","title":{"rendered":"N\u00facleo Jovem Empreendedor promove 5\u00ba Work Chopp"},"content":{"rendered":"\n<p>O N\u00facleo Jovem Empreendedor de Itapiranga prepara a 5\u00aa edi\u00e7\u00e3o do Work Chopp. O evento est\u00e1 programado para o dia 11 de setembro, na cervejaria Lassberg, em uma oportunidade para debater novas ideias e obter novos contatos para empreender. Conforme o Secret\u00e1rio do N\u00facleo Jovem Empreendedor, Peterson Niehues, o evento em Itapiranga ter\u00e1 hist\u00f3rias reais de quem j\u00e1 est\u00e1 consolidado no mercado.<\/p>\n\n\n\n<p>\u201cOs palestrantes v\u00e3o expor dicas pr\u00e1ticas que servem de inspira\u00e7\u00e3o para os empreendedores que buscam desenvolvimento em suas atividades\u201d comenta Niehues.<\/p>\n\n\n\n<p>Nas edi\u00e7\u00f5es anteriores a programa\u00e7\u00e3o reuniu grande p\u00fablico para acompanhar os temas relacionados ao empreendedorismo. O Work Chopp vai ter as presen\u00e7as de Leiliane Pietro Biazi, s\u00f3cia na empresa Chocolate Di Pietro, de Santa Helena, Roberto Zagonel, fundador da empresa Zagonel de Pinhalzinho e Sila Schroeder, do Grupo Schroeder de Tun\u00e1polis.<\/p>\n\n\n\n<p>Os lucros do Work Chopp do N\u00facleo Jovem Empreendedor de Itapiranga ser\u00e3o utilizados para desenvolver novas capacita\u00e7\u00f5es para os associados e projetar cada vez mais os integrantes do N\u00facleo.<\/p>\n\n\n\n<p>Peterson Niehues destaca que o Work Chopp, \u00e9 o principal evento do N\u00facleo do Jovem Empreendedor de Itapiranga.<\/p>\n\n\n\n<p>\u201cO objetivo de criar espa\u00e7os descontra\u00eddos, mas ricos em conte\u00fado, onde os empres\u00e1rios podem compartilhar suas hist\u00f3rias, aprendizados e desafios\u201d refor\u00e7a.<\/p>\n","protected":false},"excerpt":{"rendered":"<p>O N\u00facleo Jovem Empreendedor de Itapiranga prepara a 5\u00aa edi\u00e7\u00e3o do Work Chopp. O evento est\u00e1 programado para o dia 11 de setembro, na cervejaria Lassberg, em uma oportunidade para debater novas ideias e obter novos contatos para empreender. Conforme [&hellip;]<\/p>\n","protected":false},"author":2,"featured_media":4098,"comment_status":"closed","ping_status":"closed","sticky":false,"template":"","format":"standard","meta":{"ngg_post_thumbnail":0,"footnotes":""},"categories":[6],"tags":[],"class_list":["post-4097","post","type-post","status-publish","format-standard","has-post-thumbnail","hentry","category-novidades"],"_links":{"self":[{"href":"https:\/\/assemit.com.br\/novo\/index.php?rest_route=\/wp\/v2\/posts\/4097","targetHints":{"allow":["GET"]}}],"collection":[{"href":"https:\/\/assemit.com.br\/novo\/index.php?rest_route=\/wp\/v2\/posts"}],"about":[{"href":"https:\/\/assemit.com.br\/novo\/index.php?rest_route=\/wp\/v2\/types\/post"}],"author":[{"embeddable":true,"href":"https:\/\/assemit.com.br\/novo\/index.php?rest_route=\/wp\/v2\/users\/2"}],"replies":[{"embeddable":true,"href":"https:\/\/assemit.com.br\/novo\/index.php?rest_route=%2Fwp%2Fv2%2Fcomments&post=4097"}],"version-history":[{"count":1,"href":"https:\/\/assemit.com.br\/novo\/index.php?rest_route=\/wp\/v2\/posts\/4097\/revisions"}],"predecessor-version":[{"id":4099,"href":"https:\/\/assemit.com.br\/novo\/index.php?rest_route=\/wp\/v2\/posts\/4097\/revisions\/4099"}],"wp:featuredmedia":[{"embeddable":true,"href":"https:\/\/assemit.com.br\/novo\/index.php?rest_route=\/wp\/v2\/media\/4098"}],"wp:attachment":[{"href":"https:\/\/assemit.com.br\/novo\/index.php?rest_route=%2Fwp%2Fv2%2Fmedia&parent=4097"}],"wp:term":[{"taxonomy":"category","embeddable":true,"href":"https:\/\/assemit.com.br\/novo\/index.php?rest_route=%2Fwp%2Fv2%2Fcategories&post=4097"},{"taxonomy":"post_tag","embeddable":true,"href":"https:\/\/assemit.com.br\/novo\/index.php?rest_route=%2Fwp%2Fv2%2Ftags&post=4097"}],"curies":[{"name":"wp","href":"https:\/\/api.w.org\/{rel}","templated":true}]}}