{"id":410,"date":"2017-06-10T16:11:12","date_gmt":"2017-06-10T19:11:12","guid":{"rendered":"http:\/\/novo2017.assemit.com.br\/?p=410"},"modified":"2017-08-06T14:14:49","modified_gmt":"2017-08-06T17:14:49","slug":"9-efrait-apresenta-lucro-de-r-113-mil","status":"publish","type":"post","link":"https:\/\/assemit.com.br\/novo\/?p=410","title":{"rendered":"9\u00aa Efrait apresenta lucro de R$ 113 mil"},"content":{"rendered":"<p><a href=\"http:\/\/novo2017.assemit.com.br\/wp-content\/uploads\/2017\/06\/efrai_resultado-1.jpg\"><img loading=\"lazy\" decoding=\"async\" class=\"alignnone size-full wp-image-477\" src=\"http:\/\/novo2017.assemit.com.br\/wp-content\/uploads\/2017\/06\/efrai_resultado-1.jpg\" alt=\"\" width=\"825\" height=\"551\" srcset=\"https:\/\/assemit.com.br\/novo\/wp-content\/uploads\/2017\/06\/efrai_resultado-1.jpg 825w, https:\/\/assemit.com.br\/novo\/wp-content\/uploads\/2017\/06\/efrai_resultado-1-300x200.jpg 300w, https:\/\/assemit.com.br\/novo\/wp-content\/uploads\/2017\/06\/efrai_resultado-1-768x513.jpg 768w, https:\/\/assemit.com.br\/novo\/wp-content\/uploads\/2017\/06\/efrai_resultado-1-619x413.jpg 619w\" sizes=\"auto, (max-width: 825px) 100vw, 825px\" \/><\/a>A comiss\u00e3o central organizadora juntamente com o poder p\u00fablico se reuniu na noite de sexta-feira, 9, para apresentar o resultado financeiro da 9\u00aa Efrait. A feira que aconteceu de 28 a 30 de abril movimentou mais de 30 mil pessoas no parque de exposi\u00e7\u00f5es em Itapiranga e foi considera sucesso nos 5 eixos: agropecu\u00e1ria, neg\u00f3cios, shows, gastronomia, cultura e lazer.<br \/>\nO balan\u00e7o foi apresentado pelo contador da feira, Norberto Lengert, que detalhou todas as receitas e despesas relacionadas a exposi\u00e7\u00e3o. O presidente da comiss\u00e3o central organizadora, Elton Maldaner, ressaltou o trabalho realizado ao longo dos meses. J\u00e1 o prefeito Jorge Welter enfatizou todos os setores da feira e destacou a capacidade de organiza\u00e7\u00e3o da comunidade itapiranguense, com coragem, ousadia e planejamento.<\/p>\n","protected":false},"excerpt":{"rendered":"<p>A comiss\u00e3o central organizadora juntamente com o poder p\u00fablico se reuniu na noite de sexta-feira, 9, para apresentar o resultado financeiro da 9\u00aa Efrait. A feira que aconteceu de 28 a 30 de abril movimentou mais de 30 mil pessoas [&hellip;]<\/p>\n","protected":false},"author":1,"featured_media":0,"comment_status":"closed","ping_status":"closed","sticky":false,"template":"","format":"standard","meta":{"ngg_post_thumbnail":0,"footnotes":""},"categories":[6],"tags":[],"class_list":["post-410","post","type-post","status-publish","format-standard","hentry","category-novidades"],"_links":{"self":[{"href":"https:\/\/assemit.com.br\/novo\/index.php?rest_route=\/wp\/v2\/posts\/410","targetHints":{"allow":["GET"]}}],"collection":[{"href":"https:\/\/assemit.com.br\/novo\/index.php?rest_route=\/wp\/v2\/posts"}],"about":[{"href":"https:\/\/assemit.com.br\/novo\/index.php?rest_route=\/wp\/v2\/types\/post"}],"author":[{"embeddable":true,"href":"https:\/\/assemit.com.br\/novo\/index.php?rest_route=\/wp\/v2\/users\/1"}],"replies":[{"embeddable":true,"href":"https:\/\/assemit.com.br\/novo\/index.php?rest_route=%2Fwp%2Fv2%2Fcomments&post=410"}],"version-history":[{"count":2,"href":"https:\/\/assemit.com.br\/novo\/index.php?rest_route=\/wp\/v2\/posts\/410\/revisions"}],"predecessor-version":[{"id":478,"href":"https:\/\/assemit.com.br\/novo\/index.php?rest_route=\/wp\/v2\/posts\/410\/revisions\/478"}],"wp:attachment":[{"href":"https:\/\/assemit.com.br\/novo\/index.php?rest_route=%2Fwp%2Fv2%2Fmedia&parent=410"}],"wp:term":[{"taxonomy":"category","embeddable":true,"href":"https:\/\/assemit.com.br\/novo\/index.php?rest_route=%2Fwp%2Fv2%2Fcategories&post=410"},{"taxonomy":"post_tag","embeddable":true,"href":"https:\/\/assemit.com.br\/novo\/index.php?rest_route=%2Fwp%2Fv2%2Ftags&post=410"}],"curies":[{"name":"wp","href":"https:\/\/api.w.org\/{rel}","templated":true}]}}