{"id":4103,"date":"2025-08-27T14:52:18","date_gmt":"2025-08-27T17:52:18","guid":{"rendered":"https:\/\/assemit.com.br\/novo\/?p=4103"},"modified":"2025-09-09T14:56:06","modified_gmt":"2025-09-09T17:56:06","slug":"assemit-solicita-estudo-por-considerar-que-procon-teria-alto-custo-em-itapiranga","status":"publish","type":"post","link":"https:\/\/assemit.com.br\/novo\/?p=4103","title":{"rendered":"Assemit solicita estudo por considerar que PROCON teria alto custo em Itapiranga"},"content":{"rendered":"\n<p>A Associa\u00e7\u00e3o Empresarial de Itapiranga adota postura cautelosa para implanta\u00e7\u00e3o do Procon em Itapiranga. O custo \u00e9 considerado elevado para a presta\u00e7\u00e3o deste servi\u00e7o ao consumidor. O debate sobre instala\u00e7\u00e3o do Procon em Itapiranga ocorre h\u00e1 mais de cinco anos. O Minist\u00e9rio P\u00fablico j\u00e1 fez manifesta\u00e7\u00f5es sobre a import\u00e2ncia do \u00d3rg\u00e3o de Prote\u00e7\u00e3o e Defesa do Consumidor em v\u00e1rias oportunidades, por\u00e9m sem progresso na efetiva\u00e7\u00e3o. O munic\u00edpio destinou uma sala no Espa\u00e7o da Cidadania, na sede da Secretaria de Desenvolvimento Econ\u00f4mico.<\/p>\n\n\n\n<p>Nesta semana o Presidente da Assemit, Francelino Ribeiro, esteve na tribuna livre da C\u00e2mara de Vereadores para abordar a pauta e falar dos pr\u00f3s e contra na presen\u00e7a do Procon. Segundo ele, uma unidade do Procon em Itapiranga precisa ser bem avaliada, pois se trata de dinheiro p\u00fablico que ser\u00e1 aplicado.<\/p>\n\n\n\n<p>O Presidente da Associa\u00e7\u00e3o Empresarial de Itapiranga defende um estudo de viabilidade em parceria com a Facisc para constatar a demanda e os benef\u00edcios diante do custo para a presta\u00e7\u00e3o deste servi\u00e7o. Francelino Ribeiro menciona que a recomenda\u00e7\u00e3o do Minist\u00e9rio P\u00fablico \u00e9 v\u00e1lida, por\u00e9m a Associa\u00e7\u00e3o Empresarial possui ressalvas.<\/p>\n\n\n\n<p>O custo com a cria\u00e7\u00e3o de cargo, pagamento de sal\u00e1rio, espa\u00e7o, equipamentos e ve\u00edculo dispon\u00edvel para a fiscaliza\u00e7\u00e3o seria bastante elevado, ocupando um ter\u00e7o do or\u00e7amento total do setor p\u00fablico destinado para os empres\u00e1rios.<\/p>\n\n\n\n<p>\u201cSeria necess\u00e1rio um or\u00e7amento significativo, estimei um valor em torno de R$ 300 mil, por\u00e9m at\u00e9 um vereador disse que o valor pode chegar a meio milh\u00e3o de reais por ano\u201d destaca o Presidente.<\/p>\n\n\n\n<p>A Secretaria de Desenvolvimento Econ\u00f4mico possui or\u00e7amento de R$ 1,7 milh\u00e3o, sendo que mais de R$ 300 mil \u00e9 destinado para o turismo.<\/p>\n\n\n\n<p>Francelino Ribeiro avalia que os empres\u00e1rios de Itapiranga s\u00e3o comprometidos com a legalidade de suas a\u00e7\u00f5es e a Assemit n\u00e3o teria problemas em ter um \u00f3rg\u00e3o de defesa do consumidor no munic\u00edpio.<\/p>\n","protected":false},"excerpt":{"rendered":"<p>A Associa\u00e7\u00e3o Empresarial de Itapiranga adota postura cautelosa para implanta\u00e7\u00e3o do Procon em Itapiranga. O custo \u00e9 considerado elevado para a presta\u00e7\u00e3o deste servi\u00e7o ao consumidor. O debate sobre instala\u00e7\u00e3o do Procon em Itapiranga ocorre h\u00e1 mais de cinco anos. [&hellip;]<\/p>\n","protected":false},"author":2,"featured_media":4104,"comment_status":"closed","ping_status":"closed","sticky":false,"template":"","format":"standard","meta":{"ngg_post_thumbnail":0,"footnotes":""},"categories":[6],"tags":[],"class_list":["post-4103","post","type-post","status-publish","format-standard","has-post-thumbnail","hentry","category-novidades"],"_links":{"self":[{"href":"https:\/\/assemit.com.br\/novo\/index.php?rest_route=\/wp\/v2\/posts\/4103","targetHints":{"allow":["GET"]}}],"collection":[{"href":"https:\/\/assemit.com.br\/novo\/index.php?rest_route=\/wp\/v2\/posts"}],"about":[{"href":"https:\/\/assemit.com.br\/novo\/index.php?rest_route=\/wp\/v2\/types\/post"}],"author":[{"embeddable":true,"href":"https:\/\/assemit.com.br\/novo\/index.php?rest_route=\/wp\/v2\/users\/2"}],"replies":[{"embeddable":true,"href":"https:\/\/assemit.com.br\/novo\/index.php?rest_route=%2Fwp%2Fv2%2Fcomments&post=4103"}],"version-history":[{"count":1,"href":"https:\/\/assemit.com.br\/novo\/index.php?rest_route=\/wp\/v2\/posts\/4103\/revisions"}],"predecessor-version":[{"id":4105,"href":"https:\/\/assemit.com.br\/novo\/index.php?rest_route=\/wp\/v2\/posts\/4103\/revisions\/4105"}],"wp:featuredmedia":[{"embeddable":true,"href":"https:\/\/assemit.com.br\/novo\/index.php?rest_route=\/wp\/v2\/media\/4104"}],"wp:attachment":[{"href":"https:\/\/assemit.com.br\/novo\/index.php?rest_route=%2Fwp%2Fv2%2Fmedia&parent=4103"}],"wp:term":[{"taxonomy":"category","embeddable":true,"href":"https:\/\/assemit.com.br\/novo\/index.php?rest_route=%2Fwp%2Fv2%2Fcategories&post=4103"},{"taxonomy":"post_tag","embeddable":true,"href":"https:\/\/assemit.com.br\/novo\/index.php?rest_route=%2Fwp%2Fv2%2Ftags&post=4103"}],"curies":[{"name":"wp","href":"https:\/\/api.w.org\/{rel}","templated":true}]}}