{"id":4106,"date":"2025-09-02T14:56:26","date_gmt":"2025-09-02T17:56:26","guid":{"rendered":"https:\/\/assemit.com.br\/novo\/?p=4106"},"modified":"2025-09-09T15:03:08","modified_gmt":"2025-09-09T18:03:08","slug":"assemit-participa-pela-terceira-vez-do-programa-geracao-empreendedora","status":"publish","type":"post","link":"https:\/\/assemit.com.br\/novo\/?p=4106","title":{"rendered":"ASSEMIT participa pela terceira vez do Programa Gera\u00e7\u00e3o Empreendedora"},"content":{"rendered":"\n<p>Neste ano de 2025, a ASSEMIT se orgulha de participar pela terceira vez do Programa Gera\u00e7\u00e3o Empreendedora, uma iniciativa que vem transformando a vida de jovens em todo o estado. Em Santa Catarina, o projeto chega \u00e0 sua d\u00e9cima primeira edi\u00e7\u00e3o, reunindo mais de 65 cidades e contando com a participa\u00e7\u00e3o de mais de 4,660 mil estudantes, determinados a fazer a diferen\u00e7a.<\/p>\n\n\n\n<p>O programa tem como principal objetivo despertar, estimular e orientar o desenvolvimento do esp\u00edrito empreendedor e da cultura associativista entre os estudantes do segundo ano do ensino m\u00e9dio. A proposta \u00e9 formar uma gera\u00e7\u00e3o consciente, proativa e inovadora, pronta para transformar o cen\u00e1rio socioecon\u00f4mico com paix\u00e3o e criatividade.<\/p>\n\n\n\n<p>A mesa avaliadora contou com a participa\u00e7\u00e3o de Marciele Schaefer (Representando o Munic\u00edpio), Mariane Junglubt Fiorentin (Representando a Secretaria GERED) e Airton Sehn (Representando a ASSEMIT), Durante o evento, os alunos apresentaram projetos.<\/p>\n\n\n\n<p>As propostas foram avaliadas a partir de crit\u00e9rios como criatividade, inova\u00e7\u00e3o, sustentabilidade, envolvimento da equipe, comunica\u00e7\u00e3o verbal, organiza\u00e7\u00e3o e administra\u00e7\u00e3o do tempo. Esses pontos garantiram uma an\u00e1lise justa e completa, refletindo a qualidade e o potencial de cada trabalho apresentado.<\/p>\n\n\n\n<p>Na pr\u00f3xima etapa a equipe vencedora, estar\u00e1 participando da etapa regional representando a ASSEMIT no dia 17\/09.<\/p>\n","protected":false},"excerpt":{"rendered":"<p>Neste ano de 2025, a ASSEMIT se orgulha de participar pela terceira vez do Programa Gera\u00e7\u00e3o Empreendedora, uma iniciativa que vem transformando a vida de jovens em todo o estado. Em Santa Catarina, o projeto chega \u00e0 sua d\u00e9cima primeira [&hellip;]<\/p>\n","protected":false},"author":2,"featured_media":4107,"comment_status":"closed","ping_status":"closed","sticky":false,"template":"","format":"standard","meta":{"ngg_post_thumbnail":0,"footnotes":""},"categories":[6],"tags":[],"class_list":["post-4106","post","type-post","status-publish","format-standard","has-post-thumbnail","hentry","category-novidades"],"_links":{"self":[{"href":"https:\/\/assemit.com.br\/novo\/index.php?rest_route=\/wp\/v2\/posts\/4106","targetHints":{"allow":["GET"]}}],"collection":[{"href":"https:\/\/assemit.com.br\/novo\/index.php?rest_route=\/wp\/v2\/posts"}],"about":[{"href":"https:\/\/assemit.com.br\/novo\/index.php?rest_route=\/wp\/v2\/types\/post"}],"author":[{"embeddable":true,"href":"https:\/\/assemit.com.br\/novo\/index.php?rest_route=\/wp\/v2\/users\/2"}],"replies":[{"embeddable":true,"href":"https:\/\/assemit.com.br\/novo\/index.php?rest_route=%2Fwp%2Fv2%2Fcomments&post=4106"}],"version-history":[{"count":1,"href":"https:\/\/assemit.com.br\/novo\/index.php?rest_route=\/wp\/v2\/posts\/4106\/revisions"}],"predecessor-version":[{"id":4108,"href":"https:\/\/assemit.com.br\/novo\/index.php?rest_route=\/wp\/v2\/posts\/4106\/revisions\/4108"}],"wp:featuredmedia":[{"embeddable":true,"href":"https:\/\/assemit.com.br\/novo\/index.php?rest_route=\/wp\/v2\/media\/4107"}],"wp:attachment":[{"href":"https:\/\/assemit.com.br\/novo\/index.php?rest_route=%2Fwp%2Fv2%2Fmedia&parent=4106"}],"wp:term":[{"taxonomy":"category","embeddable":true,"href":"https:\/\/assemit.com.br\/novo\/index.php?rest_route=%2Fwp%2Fv2%2Fcategories&post=4106"},{"taxonomy":"post_tag","embeddable":true,"href":"https:\/\/assemit.com.br\/novo\/index.php?rest_route=%2Fwp%2Fv2%2Ftags&post=4106"}],"curies":[{"name":"wp","href":"https:\/\/api.w.org\/{rel}","templated":true}]}}