{"id":411,"date":"2017-06-14T19:21:38","date_gmt":"2017-06-14T22:21:38","guid":{"rendered":"http:\/\/novo2017.assemit.com.br\/?p=411"},"modified":"2017-08-06T14:17:31","modified_gmt":"2017-08-06T17:17:31","slug":"nucleo-de-jovens-empreendedores-promove-bate-papo-sobre-associativismo-e-empreendedorismo","status":"publish","type":"post","link":"https:\/\/assemit.com.br\/novo\/?p=411","title":{"rendered":"N\u00facleo de Jovens Empreendedores promove bate-papo sobre associativismo e empreendedorismo"},"content":{"rendered":"<p><a href=\"http:\/\/novo2017.assemit.com.br\/wp-content\/uploads\/2017\/06\/jei2017.jpg\"><img loading=\"lazy\" decoding=\"async\" class=\"alignnone size-full wp-image-479\" src=\"http:\/\/novo2017.assemit.com.br\/wp-content\/uploads\/2017\/06\/jei2017.jpg\" alt=\"\" width=\"1920\" height=\"1039\" srcset=\"https:\/\/assemit.com.br\/novo\/wp-content\/uploads\/2017\/06\/jei2017.jpg 1920w, https:\/\/assemit.com.br\/novo\/wp-content\/uploads\/2017\/06\/jei2017-300x162.jpg 300w, https:\/\/assemit.com.br\/novo\/wp-content\/uploads\/2017\/06\/jei2017-768x416.jpg 768w, https:\/\/assemit.com.br\/novo\/wp-content\/uploads\/2017\/06\/jei2017-1024x554.jpg 1024w, https:\/\/assemit.com.br\/novo\/wp-content\/uploads\/2017\/06\/jei2017-619x335.jpg 619w\" sizes=\"auto, (max-width: 1920px) 100vw, 1920px\" \/><\/a>Na noite de ontem (13\/06), O N\u00facleo do Jovem Empreendedor Itapiranguense promoveu para seus nucleados e convidados um Bate-Papo sobre Associativismo e Empreendedorismo, com o Consultor Estadual Cl\u00f3vis Consolli.<br \/>\nO N\u00facleo do Jovem Empreendedor tem por miss\u00e3o representar e defender a classe empresarial jovem, estimular a competitividade e o empreendedorismo e contribuir para o desenvolvimento de lideran\u00e7as e o comportamento humano, ressalta Val\u00e9rio Niehues, coordenador do N\u00facleo.<\/p>\n","protected":false},"excerpt":{"rendered":"<p>Na noite de ontem (13\/06), O N\u00facleo do Jovem Empreendedor Itapiranguense promoveu para seus nucleados e convidados um Bate-Papo sobre Associativismo e Empreendedorismo, com o Consultor Estadual Cl\u00f3vis Consolli. O N\u00facleo do Jovem Empreendedor tem por miss\u00e3o representar e defender [&hellip;]<\/p>\n","protected":false},"author":1,"featured_media":0,"comment_status":"closed","ping_status":"closed","sticky":false,"template":"","format":"standard","meta":{"ngg_post_thumbnail":0,"footnotes":""},"categories":[6],"tags":[],"class_list":["post-411","post","type-post","status-publish","format-standard","hentry","category-novidades"],"_links":{"self":[{"href":"https:\/\/assemit.com.br\/novo\/index.php?rest_route=\/wp\/v2\/posts\/411","targetHints":{"allow":["GET"]}}],"collection":[{"href":"https:\/\/assemit.com.br\/novo\/index.php?rest_route=\/wp\/v2\/posts"}],"about":[{"href":"https:\/\/assemit.com.br\/novo\/index.php?rest_route=\/wp\/v2\/types\/post"}],"author":[{"embeddable":true,"href":"https:\/\/assemit.com.br\/novo\/index.php?rest_route=\/wp\/v2\/users\/1"}],"replies":[{"embeddable":true,"href":"https:\/\/assemit.com.br\/novo\/index.php?rest_route=%2Fwp%2Fv2%2Fcomments&post=411"}],"version-history":[{"count":2,"href":"https:\/\/assemit.com.br\/novo\/index.php?rest_route=\/wp\/v2\/posts\/411\/revisions"}],"predecessor-version":[{"id":480,"href":"https:\/\/assemit.com.br\/novo\/index.php?rest_route=\/wp\/v2\/posts\/411\/revisions\/480"}],"wp:attachment":[{"href":"https:\/\/assemit.com.br\/novo\/index.php?rest_route=%2Fwp%2Fv2%2Fmedia&parent=411"}],"wp:term":[{"taxonomy":"category","embeddable":true,"href":"https:\/\/assemit.com.br\/novo\/index.php?rest_route=%2Fwp%2Fv2%2Fcategories&post=411"},{"taxonomy":"post_tag","embeddable":true,"href":"https:\/\/assemit.com.br\/novo\/index.php?rest_route=%2Fwp%2Fv2%2Ftags&post=411"}],"curies":[{"name":"wp","href":"https:\/\/api.w.org\/{rel}","templated":true}]}}