{"id":4112,"date":"2025-09-09T15:08:10","date_gmt":"2025-09-09T18:08:10","guid":{"rendered":"https:\/\/assemit.com.br\/novo\/?p=4112"},"modified":"2025-09-09T15:08:26","modified_gmt":"2025-09-09T18:08:26","slug":"assemit-participa-do-desfile-civico","status":"publish","type":"post","link":"https:\/\/assemit.com.br\/novo\/?p=4112","title":{"rendered":"ASSEMIT participa do Desfile C\u00edvico"},"content":{"rendered":"\n<p>Neste 7 de setembro, a ASSEMIT \u2013 Associa\u00e7\u00e3o Empresarial e Cultural de Itapiranga marcou presen\u00e7a no Desfile C\u00edvico, celebrando a independ\u00eancia do Brasil e refor\u00e7ando o nosso compromisso com a comunidade.<\/p>\n\n\n\n<p>Foi um momento especial de uni\u00e3o, patriotismo e valoriza\u00e7\u00e3o da nossa hist\u00f3ria, em que estivemos ao lado de diversas entidades, escolas e institui\u00e7\u00f5es que constroem diariamente o desenvolvimento da nossa cidade.<\/p>\n\n\n\n<p>&#x1f44f; Agradecemos a todos que acompanharam e prestigiaram este importante ato c\u00edvico.<\/p>\n\n\n\n<p>Juntos, seguimos trabalhando por Itapiranga mais forte e empreendedora!<\/p>\n\n\n\n<figure class=\"wp-block-image size-large\"><a href=\"https:\/\/assemit.com.br\/novo\/wp-content\/uploads\/2025\/09\/Desfile-Civico1.webp\"><img loading=\"lazy\" decoding=\"async\" width=\"1024\" height=\"1024\" src=\"https:\/\/assemit.com.br\/novo\/wp-content\/uploads\/2025\/09\/Desfile-Civico1-1024x1024.webp\" alt=\"\" class=\"wp-image-4113\" srcset=\"https:\/\/assemit.com.br\/novo\/wp-content\/uploads\/2025\/09\/Desfile-Civico1-1024x1024.webp 1024w, https:\/\/assemit.com.br\/novo\/wp-content\/uploads\/2025\/09\/Desfile-Civico1-300x300.webp 300w, https:\/\/assemit.com.br\/novo\/wp-content\/uploads\/2025\/09\/Desfile-Civico1-150x150.webp 150w, https:\/\/assemit.com.br\/novo\/wp-content\/uploads\/2025\/09\/Desfile-Civico1-768x768.webp 768w, https:\/\/assemit.com.br\/novo\/wp-content\/uploads\/2025\/09\/Desfile-Civico1.webp 1080w\" sizes=\"auto, (max-width: 1024px) 100vw, 1024px\" \/><\/a><\/figure>\n","protected":false},"excerpt":{"rendered":"<p>Neste 7 de setembro, a ASSEMIT \u2013 Associa\u00e7\u00e3o Empresarial e Cultural de Itapiranga marcou presen\u00e7a no Desfile C\u00edvico, celebrando a independ\u00eancia do Brasil e refor\u00e7ando o nosso compromisso com a comunidade. Foi um momento especial de uni\u00e3o, patriotismo e valoriza\u00e7\u00e3o [&hellip;]<\/p>\n","protected":false},"author":2,"featured_media":4114,"comment_status":"closed","ping_status":"closed","sticky":false,"template":"","format":"standard","meta":{"ngg_post_thumbnail":0,"footnotes":""},"categories":[6],"tags":[],"class_list":["post-4112","post","type-post","status-publish","format-standard","has-post-thumbnail","hentry","category-novidades"],"_links":{"self":[{"href":"https:\/\/assemit.com.br\/novo\/index.php?rest_route=\/wp\/v2\/posts\/4112","targetHints":{"allow":["GET"]}}],"collection":[{"href":"https:\/\/assemit.com.br\/novo\/index.php?rest_route=\/wp\/v2\/posts"}],"about":[{"href":"https:\/\/assemit.com.br\/novo\/index.php?rest_route=\/wp\/v2\/types\/post"}],"author":[{"embeddable":true,"href":"https:\/\/assemit.com.br\/novo\/index.php?rest_route=\/wp\/v2\/users\/2"}],"replies":[{"embeddable":true,"href":"https:\/\/assemit.com.br\/novo\/index.php?rest_route=%2Fwp%2Fv2%2Fcomments&post=4112"}],"version-history":[{"count":2,"href":"https:\/\/assemit.com.br\/novo\/index.php?rest_route=\/wp\/v2\/posts\/4112\/revisions"}],"predecessor-version":[{"id":4116,"href":"https:\/\/assemit.com.br\/novo\/index.php?rest_route=\/wp\/v2\/posts\/4112\/revisions\/4116"}],"wp:featuredmedia":[{"embeddable":true,"href":"https:\/\/assemit.com.br\/novo\/index.php?rest_route=\/wp\/v2\/media\/4114"}],"wp:attachment":[{"href":"https:\/\/assemit.com.br\/novo\/index.php?rest_route=%2Fwp%2Fv2%2Fmedia&parent=4112"}],"wp:term":[{"taxonomy":"category","embeddable":true,"href":"https:\/\/assemit.com.br\/novo\/index.php?rest_route=%2Fwp%2Fv2%2Fcategories&post=4112"},{"taxonomy":"post_tag","embeddable":true,"href":"https:\/\/assemit.com.br\/novo\/index.php?rest_route=%2Fwp%2Fv2%2Ftags&post=4112"}],"curies":[{"name":"wp","href":"https:\/\/api.w.org\/{rel}","templated":true}]}}