{"id":4121,"date":"2025-09-19T09:09:00","date_gmt":"2025-09-19T12:09:00","guid":{"rendered":"https:\/\/assemit.com.br\/novo\/?p=4121"},"modified":"2025-10-10T09:12:22","modified_gmt":"2025-10-10T12:12:22","slug":"empreender-nao-e-so-abrir-portas","status":"publish","type":"post","link":"https:\/\/assemit.com.br\/novo\/?p=4121","title":{"rendered":"Empreender n\u00e3o \u00e9 s\u00f3 abrir portas"},"content":{"rendered":"\n<p>Empreender n\u00e3o \u00e9 s\u00f3 abrir portas. \u00c9 ousar, acreditar e transformar.<\/p>\n\n\n\n<p>E quando voc\u00ea encontra quem luta pelos seus interesses, leva sua voz mais longe e acredita no<br>seu neg\u00f3cio tanto quanto voc\u00ea? A\u00ed me representa!<\/p>\n\n\n\n<p>\u00c9 isso que a Associa\u00e7\u00e3o Empresarial faz: representamos voc\u00ea, defendemos suas causas e<br>criamos conex\u00f5es que fortalecem seu neg\u00f3cio e fazem Santa Catarina crescer junto. &#x1f91d;&#x1f3fb;<\/p>\n\n\n\n<p>D\u00ea o play no v\u00eddeo e descubra por que, juntos, somos mais fortes e vamos mais longe.<\/p>\n\n\n\n<p>Conte pra gente nos coment\u00e1rios: o que significa para voc\u00ea ser bem representado como<br>empreendedor? &#x1f49a;<\/p>\n\n\n\n<figure class=\"wp-block-video\"><video height=\"864\" style=\"aspect-ratio: 480 \/ 864;\" width=\"480\" controls src=\"https:\/\/assemit.com.br\/novo\/wp-content\/uploads\/2025\/10\/Empreender-nao-e-so-abrir-portas.mp4\"><\/video><\/figure>\n","protected":false},"excerpt":{"rendered":"<p>Empreender n\u00e3o \u00e9 s\u00f3 abrir portas. \u00c9 ousar, acreditar e transformar. E quando voc\u00ea encontra quem luta pelos seus interesses, leva sua voz mais longe e acredita noseu neg\u00f3cio tanto quanto voc\u00ea? A\u00ed me representa! \u00c9 isso que a Associa\u00e7\u00e3o [&hellip;]<\/p>\n","protected":false},"author":2,"featured_media":0,"comment_status":"closed","ping_status":"closed","sticky":false,"template":"","format":"standard","meta":{"ngg_post_thumbnail":0,"footnotes":""},"categories":[6],"tags":[],"class_list":["post-4121","post","type-post","status-publish","format-standard","hentry","category-novidades"],"_links":{"self":[{"href":"https:\/\/assemit.com.br\/novo\/index.php?rest_route=\/wp\/v2\/posts\/4121","targetHints":{"allow":["GET"]}}],"collection":[{"href":"https:\/\/assemit.com.br\/novo\/index.php?rest_route=\/wp\/v2\/posts"}],"about":[{"href":"https:\/\/assemit.com.br\/novo\/index.php?rest_route=\/wp\/v2\/types\/post"}],"author":[{"embeddable":true,"href":"https:\/\/assemit.com.br\/novo\/index.php?rest_route=\/wp\/v2\/users\/2"}],"replies":[{"embeddable":true,"href":"https:\/\/assemit.com.br\/novo\/index.php?rest_route=%2Fwp%2Fv2%2Fcomments&post=4121"}],"version-history":[{"count":1,"href":"https:\/\/assemit.com.br\/novo\/index.php?rest_route=\/wp\/v2\/posts\/4121\/revisions"}],"predecessor-version":[{"id":4123,"href":"https:\/\/assemit.com.br\/novo\/index.php?rest_route=\/wp\/v2\/posts\/4121\/revisions\/4123"}],"wp:attachment":[{"href":"https:\/\/assemit.com.br\/novo\/index.php?rest_route=%2Fwp%2Fv2%2Fmedia&parent=4121"}],"wp:term":[{"taxonomy":"category","embeddable":true,"href":"https:\/\/assemit.com.br\/novo\/index.php?rest_route=%2Fwp%2Fv2%2Fcategories&post=4121"},{"taxonomy":"post_tag","embeddable":true,"href":"https:\/\/assemit.com.br\/novo\/index.php?rest_route=%2Fwp%2Fv2%2Ftags&post=4121"}],"curies":[{"name":"wp","href":"https:\/\/api.w.org\/{rel}","templated":true}]}}