{"id":4127,"date":"2025-09-23T09:15:00","date_gmt":"2025-09-23T12:15:00","guid":{"rendered":"https:\/\/assemit.com.br\/novo\/?p=4127"},"modified":"2025-10-10T09:16:02","modified_gmt":"2025-10-10T12:16:02","slug":"ai-me-representa-2","status":"publish","type":"post","link":"https:\/\/assemit.com.br\/novo\/?p=4127","title":{"rendered":"A\u00ed me representa"},"content":{"rendered":"\n<p>Cada empres\u00e1rio tem uma hist\u00f3ria. E cada hist\u00f3ria precisa de representatividade para<br>ganhar for\u00e7a e ir mais longe.<\/p>\n\n\n\n<p>Assim como o Rafael, voc\u00ea tamb\u00e9m pode contar com a Associa\u00e7\u00e3o Empresarial, que conecta<br>empres\u00e1rios que falam a mesma l\u00edngua e sonham grande, defende interesses em comum e abre<br>oportunidades para os neg\u00f3cios catarinenses.<\/p>\n\n\n\n<p>&#x1f449; Quem \u00e9 representado, cresce junto.<\/p>\n\n\n\n<figure class=\"wp-block-image size-large\"><a href=\"https:\/\/assemit.com.br\/novo\/wp-content\/uploads\/2025\/10\/ai-me-representa-2.webp\"><img loading=\"lazy\" decoding=\"async\" width=\"818\" height=\"1024\" src=\"https:\/\/assemit.com.br\/novo\/wp-content\/uploads\/2025\/10\/ai-me-representa-2-818x1024.webp\" alt=\"\" class=\"wp-image-4128\" srcset=\"https:\/\/assemit.com.br\/novo\/wp-content\/uploads\/2025\/10\/ai-me-representa-2-818x1024.webp 818w, https:\/\/assemit.com.br\/novo\/wp-content\/uploads\/2025\/10\/ai-me-representa-2-240x300.webp 240w, https:\/\/assemit.com.br\/novo\/wp-content\/uploads\/2025\/10\/ai-me-representa-2-768x961.webp 768w, https:\/\/assemit.com.br\/novo\/wp-content\/uploads\/2025\/10\/ai-me-representa-2.webp 863w\" sizes=\"auto, (max-width: 818px) 100vw, 818px\" \/><\/a><\/figure>\n","protected":false},"excerpt":{"rendered":"<p>Cada empres\u00e1rio tem uma hist\u00f3ria. E cada hist\u00f3ria precisa de representatividade paraganhar for\u00e7a e ir mais longe. Assim como o Rafael, voc\u00ea tamb\u00e9m pode contar com a Associa\u00e7\u00e3o Empresarial, que conectaempres\u00e1rios que falam a mesma l\u00edngua e sonham grande, defende [&hellip;]<\/p>\n","protected":false},"author":2,"featured_media":0,"comment_status":"closed","ping_status":"closed","sticky":false,"template":"","format":"standard","meta":{"ngg_post_thumbnail":0,"footnotes":""},"categories":[6],"tags":[],"class_list":["post-4127","post","type-post","status-publish","format-standard","hentry","category-novidades"],"_links":{"self":[{"href":"https:\/\/assemit.com.br\/novo\/index.php?rest_route=\/wp\/v2\/posts\/4127","targetHints":{"allow":["GET"]}}],"collection":[{"href":"https:\/\/assemit.com.br\/novo\/index.php?rest_route=\/wp\/v2\/posts"}],"about":[{"href":"https:\/\/assemit.com.br\/novo\/index.php?rest_route=\/wp\/v2\/types\/post"}],"author":[{"embeddable":true,"href":"https:\/\/assemit.com.br\/novo\/index.php?rest_route=\/wp\/v2\/users\/2"}],"replies":[{"embeddable":true,"href":"https:\/\/assemit.com.br\/novo\/index.php?rest_route=%2Fwp%2Fv2%2Fcomments&post=4127"}],"version-history":[{"count":1,"href":"https:\/\/assemit.com.br\/novo\/index.php?rest_route=\/wp\/v2\/posts\/4127\/revisions"}],"predecessor-version":[{"id":4129,"href":"https:\/\/assemit.com.br\/novo\/index.php?rest_route=\/wp\/v2\/posts\/4127\/revisions\/4129"}],"wp:attachment":[{"href":"https:\/\/assemit.com.br\/novo\/index.php?rest_route=%2Fwp%2Fv2%2Fmedia&parent=4127"}],"wp:term":[{"taxonomy":"category","embeddable":true,"href":"https:\/\/assemit.com.br\/novo\/index.php?rest_route=%2Fwp%2Fv2%2Fcategories&post=4127"},{"taxonomy":"post_tag","embeddable":true,"href":"https:\/\/assemit.com.br\/novo\/index.php?rest_route=%2Fwp%2Fv2%2Ftags&post=4127"}],"curies":[{"name":"wp","href":"https:\/\/api.w.org\/{rel}","templated":true}]}}