{"id":413,"date":"2017-06-23T16:16:30","date_gmt":"2017-06-23T19:16:30","guid":{"rendered":"http:\/\/novo2017.assemit.com.br\/?p=413"},"modified":"2017-08-06T14:03:51","modified_gmt":"2017-08-06T17:03:51","slug":"assemit-reune-associados-em-assembleia-geral-ordinaria","status":"publish","type":"post","link":"https:\/\/assemit.com.br\/novo\/?p=413","title":{"rendered":"Assemit re\u00fane associados em assembleia geral ordin\u00e1ria"},"content":{"rendered":"<p>A ASSEMIT realizou nesta quinta-feita (22) Assembleia Geral Ordin\u00e1ria.\u00a0<img loading=\"lazy\" decoding=\"async\" class=\" size-full wp-image-412\" src=\"http:\/\/novo2017.assemit.com.br\/wp-content\/uploads\/2017\/06\/clemente22-06-2017.jpg\" width=\"1920\" height=\"1280\" srcset=\"https:\/\/assemit.com.br\/novo\/wp-content\/uploads\/2017\/06\/clemente22-06-2017.jpg 1920w, https:\/\/assemit.com.br\/novo\/wp-content\/uploads\/2017\/06\/clemente22-06-2017-300x200.jpg 300w, https:\/\/assemit.com.br\/novo\/wp-content\/uploads\/2017\/06\/clemente22-06-2017-768x512.jpg 768w, https:\/\/assemit.com.br\/novo\/wp-content\/uploads\/2017\/06\/clemente22-06-2017-1024x683.jpg 1024w, https:\/\/assemit.com.br\/novo\/wp-content\/uploads\/2017\/06\/clemente22-06-2017-619x413.jpg 619w\" sizes=\"auto, (max-width: 1920px) 100vw, 1920px\" \/><\/p>\n<p>Na pauta, apresenta\u00e7\u00e3o de novos funcion\u00e1rios, apresenta\u00e7\u00e3o do balan\u00e7o da EFRAIT 2017 e assuntos gerais. Em seguida aconteceu o Workshop sobre o SCPC &#8211; Servi\u00e7o Central de Prote\u00e7\u00e3o ao Cr\u00e9dito.<br \/>\nO Diretor de Departamento de Prote\u00e7\u00e3o ao Cr\u00e9dito, Nirton Follmann, ressalta a import\u00e2ncia de eventos como esses para auxiliar as empresas, pois \u00e9 importante conhecer o produto e usa-lo como ferramenta para concess\u00e3o e recupera\u00e7\u00e3o de credito.<\/p>\n","protected":false},"excerpt":{"rendered":"<p>A ASSEMIT realizou nesta quinta-feita (22) Assembleia Geral Ordin\u00e1ria.\u00a0 Na pauta, apresenta\u00e7\u00e3o de novos funcion\u00e1rios, apresenta\u00e7\u00e3o do balan\u00e7o da EFRAIT 2017 e assuntos gerais. Em seguida aconteceu o Workshop sobre o SCPC &#8211; Servi\u00e7o Central de Prote\u00e7\u00e3o ao Cr\u00e9dito. O [&hellip;]<\/p>\n","protected":false},"author":1,"featured_media":0,"comment_status":"closed","ping_status":"closed","sticky":false,"template":"","format":"standard","meta":{"ngg_post_thumbnail":0,"footnotes":""},"categories":[6],"tags":[],"class_list":["post-413","post","type-post","status-publish","format-standard","hentry","category-novidades"],"_links":{"self":[{"href":"https:\/\/assemit.com.br\/novo\/index.php?rest_route=\/wp\/v2\/posts\/413","targetHints":{"allow":["GET"]}}],"collection":[{"href":"https:\/\/assemit.com.br\/novo\/index.php?rest_route=\/wp\/v2\/posts"}],"about":[{"href":"https:\/\/assemit.com.br\/novo\/index.php?rest_route=\/wp\/v2\/types\/post"}],"author":[{"embeddable":true,"href":"https:\/\/assemit.com.br\/novo\/index.php?rest_route=\/wp\/v2\/users\/1"}],"replies":[{"embeddable":true,"href":"https:\/\/assemit.com.br\/novo\/index.php?rest_route=%2Fwp%2Fv2%2Fcomments&post=413"}],"version-history":[{"count":2,"href":"https:\/\/assemit.com.br\/novo\/index.php?rest_route=\/wp\/v2\/posts\/413\/revisions"}],"predecessor-version":[{"id":471,"href":"https:\/\/assemit.com.br\/novo\/index.php?rest_route=\/wp\/v2\/posts\/413\/revisions\/471"}],"wp:attachment":[{"href":"https:\/\/assemit.com.br\/novo\/index.php?rest_route=%2Fwp%2Fv2%2Fmedia&parent=413"}],"wp:term":[{"taxonomy":"category","embeddable":true,"href":"https:\/\/assemit.com.br\/novo\/index.php?rest_route=%2Fwp%2Fv2%2Fcategories&post=413"},{"taxonomy":"post_tag","embeddable":true,"href":"https:\/\/assemit.com.br\/novo\/index.php?rest_route=%2Fwp%2Fv2%2Ftags&post=413"}],"curies":[{"name":"wp","href":"https:\/\/api.w.org\/{rel}","templated":true}]}}