{"id":4144,"date":"2025-10-15T09:10:27","date_gmt":"2025-10-15T12:10:27","guid":{"rendered":"https:\/\/assemit.com.br\/novo\/?p=4144"},"modified":"2025-10-22T09:15:38","modified_gmt":"2025-10-22T12:15:38","slug":"empresarios-de-itapiranga-buscam-novidades-do-mercado-mundial-na-china","status":"publish","type":"post","link":"https:\/\/assemit.com.br\/novo\/?p=4144","title":{"rendered":"Empres\u00e1rios de Itapiranga buscam novidades do mercado mundial na China"},"content":{"rendered":"\n<p>Nove empres\u00e1rios de Itapiranga est\u00e3o em viagem para a feira de Canton, na China. O evento inicia nesta ter\u00e7a-feira, 15 de outubro, e prossegue at\u00e9 quatro de novembro. O Presidente da Associa\u00e7\u00e3o Empresarial e Cultural de Itapiranga considera que Itapiranga est\u00e1 dando um grande exemplo de empreendedorismo.<\/p>\n\n\n\n<p>Segundo Francelino Ribeiro, este \u00e9 um momento de demonstra\u00e7\u00e3o de ousadia e vis\u00e3o de futuro dos empres\u00e1rios locais. Ele lembra que Canton, na China, \u00e9 a maior feira de neg\u00f3cios do mundo, reunindo mais de 250 mil compradores internacionais e mais de 25 mil fornecedores chineses.<\/p>\n\n\n\n<p>\u201cOs participantes da feira ter\u00e3o uma grande oportunidade para reduzir custos com negocia\u00e7\u00f5es diretas, acessar produtos inovadores e expandir seus neg\u00f3cios em mercados mais din\u00e2micos\u201d destaca.<\/p>\n\n\n\n<p>De acordo com o Presidente da Associa\u00e7\u00e3o Empresarial e Cultural de Itapiranga, a participa\u00e7\u00e3o na Feira de Canton pode ser um marco fundamental para o desenvolvimento das empresas. Francelino Ribeiro, chama aten\u00e7\u00e3o que a Assemit fez sua parte na mobiliza\u00e7\u00e3o e tamb\u00e9m contou com apoio da Facisc, a Federa\u00e7\u00e3o das Associa\u00e7\u00f5es Comerciais de Santa Catarina.<\/p>\n\n\n\n<p>Al\u00e9m dos nove empres\u00e1rios de Itapiranga, a miss\u00e3o empresarial tamb\u00e9m conta com a presen\u00e7a do Presidente da Associa\u00e7\u00e3o Empresarial de S\u00e3o Jo\u00e3o do Oeste, Tiago Follmann. O grupo vai visitar os diferentes setores da feira chinesa e estabelecer contatos para compra de produtos.<\/p>\n\n\n\n<p>&gt;Saiba mais em: www.peperi.com.br<br>&gt;Foto: Chen Jimin\/China News Service<\/p>\n","protected":false},"excerpt":{"rendered":"<p>Nove empres\u00e1rios de Itapiranga est\u00e3o em viagem para a feira de Canton, na China. O evento inicia nesta ter\u00e7a-feira, 15 de outubro, e prossegue at\u00e9 quatro de novembro. O Presidente da Associa\u00e7\u00e3o Empresarial e Cultural de Itapiranga considera que Itapiranga [&hellip;]<\/p>\n","protected":false},"author":2,"featured_media":4145,"comment_status":"closed","ping_status":"closed","sticky":false,"template":"","format":"standard","meta":{"ngg_post_thumbnail":0,"footnotes":""},"categories":[6],"tags":[],"class_list":["post-4144","post","type-post","status-publish","format-standard","has-post-thumbnail","hentry","category-novidades"],"_links":{"self":[{"href":"https:\/\/assemit.com.br\/novo\/index.php?rest_route=\/wp\/v2\/posts\/4144","targetHints":{"allow":["GET"]}}],"collection":[{"href":"https:\/\/assemit.com.br\/novo\/index.php?rest_route=\/wp\/v2\/posts"}],"about":[{"href":"https:\/\/assemit.com.br\/novo\/index.php?rest_route=\/wp\/v2\/types\/post"}],"author":[{"embeddable":true,"href":"https:\/\/assemit.com.br\/novo\/index.php?rest_route=\/wp\/v2\/users\/2"}],"replies":[{"embeddable":true,"href":"https:\/\/assemit.com.br\/novo\/index.php?rest_route=%2Fwp%2Fv2%2Fcomments&post=4144"}],"version-history":[{"count":1,"href":"https:\/\/assemit.com.br\/novo\/index.php?rest_route=\/wp\/v2\/posts\/4144\/revisions"}],"predecessor-version":[{"id":4146,"href":"https:\/\/assemit.com.br\/novo\/index.php?rest_route=\/wp\/v2\/posts\/4144\/revisions\/4146"}],"wp:featuredmedia":[{"embeddable":true,"href":"https:\/\/assemit.com.br\/novo\/index.php?rest_route=\/wp\/v2\/media\/4145"}],"wp:attachment":[{"href":"https:\/\/assemit.com.br\/novo\/index.php?rest_route=%2Fwp%2Fv2%2Fmedia&parent=4144"}],"wp:term":[{"taxonomy":"category","embeddable":true,"href":"https:\/\/assemit.com.br\/novo\/index.php?rest_route=%2Fwp%2Fv2%2Fcategories&post=4144"},{"taxonomy":"post_tag","embeddable":true,"href":"https:\/\/assemit.com.br\/novo\/index.php?rest_route=%2Fwp%2Fv2%2Ftags&post=4144"}],"curies":[{"name":"wp","href":"https:\/\/api.w.org\/{rel}","templated":true}]}}