{"id":4151,"date":"2025-10-30T09:05:22","date_gmt":"2025-10-30T12:05:22","guid":{"rendered":"https:\/\/assemit.com.br\/novo\/?p=4151"},"modified":"2025-10-30T09:15:58","modified_gmt":"2025-10-30T12:15:58","slug":"airton-sehn-e-eleito-novo-presidente","status":"publish","type":"post","link":"https:\/\/assemit.com.br\/novo\/?p=4151","title":{"rendered":"Airton Sehn \u00e9 eleito presidente 2026-2028"},"content":{"rendered":"\n<p>A Associa\u00e7\u00e3o Empresarial e Cultural de Itapiranga definiu na noite desta quarta-feira, 29, no Manchini Eventos, em Laranjeira, interior de Itapiranga, a diretoria para o tri\u00eanio de 2026 a 2028.<\/p>\n\n\n\n<p>O advogado e atual vice-presidente da entidade, Airton Sehn, foi eleito Presidente por aclama\u00e7\u00e3o e ir\u00e1 suceder o empres\u00e1rio, Francelino Ribeiro. A chapa vencedora apresenta redu\u00e7\u00e3o de aproximadamente 30% dos cargos em rela\u00e7\u00e3o a gest\u00e3o atual.<\/p>\n\n\n\n<p>Ap\u00f3s o resultado, o Presidente eleito destacou a import\u00e2ncia da Associa\u00e7\u00e3o Empresarial e da atua\u00e7\u00e3o em prol dos associados.<\/p>\n\n\n\n<p>A posse ser\u00e1 na \u00faltima assembleia ordin\u00e1ria do ano, no dia 27 de novembro, na Associa\u00e7\u00e3o Atl\u00e9tica Banco do Brasil de Itapiranga.<\/p>\n\n\n\n<figure class=\"wp-block-gallery has-nested-images columns-default is-cropped wp-block-gallery-1 is-layout-flex wp-block-gallery-is-layout-flex\">\n<figure class=\"wp-block-image size-large\"><a href=\"https:\/\/assemit.com.br\/novo\/wp-content\/uploads\/2025\/10\/Airton-Sehn-e-eleito-Presidente-da-Associacao-Empresarial-de-ItapirangaA-Associacao-Empresarial-1.jpg\"><img loading=\"lazy\" decoding=\"async\" width=\"1024\" height=\"541\" data-id=\"4152\" src=\"https:\/\/assemit.com.br\/novo\/wp-content\/uploads\/2025\/10\/Airton-Sehn-e-eleito-Presidente-da-Associacao-Empresarial-de-ItapirangaA-Associacao-Empresarial-1-1024x541.jpg\" alt=\"\" class=\"wp-image-4152\" srcset=\"https:\/\/assemit.com.br\/novo\/wp-content\/uploads\/2025\/10\/Airton-Sehn-e-eleito-Presidente-da-Associacao-Empresarial-de-ItapirangaA-Associacao-Empresarial-1-1024x541.jpg 1024w, https:\/\/assemit.com.br\/novo\/wp-content\/uploads\/2025\/10\/Airton-Sehn-e-eleito-Presidente-da-Associacao-Empresarial-de-ItapirangaA-Associacao-Empresarial-1-300x159.jpg 300w, https:\/\/assemit.com.br\/novo\/wp-content\/uploads\/2025\/10\/Airton-Sehn-e-eleito-Presidente-da-Associacao-Empresarial-de-ItapirangaA-Associacao-Empresarial-1-768x406.jpg 768w, https:\/\/assemit.com.br\/novo\/wp-content\/uploads\/2025\/10\/Airton-Sehn-e-eleito-Presidente-da-Associacao-Empresarial-de-ItapirangaA-Associacao-Empresarial-1.jpg 1080w\" sizes=\"auto, (max-width: 1024px) 100vw, 1024px\" \/><\/a><\/figure>\n\n\n\n<figure class=\"wp-block-image size-large\"><a href=\"https:\/\/assemit.com.br\/novo\/wp-content\/uploads\/2025\/10\/Airton-Sehn-e-eleito-Presidente-da-Associacao-Empresarial-de-ItapirangaA-Associacao-Empresarial-.jpg\"><img loading=\"lazy\" decoding=\"async\" width=\"1024\" height=\"496\" data-id=\"4153\" src=\"https:\/\/assemit.com.br\/novo\/wp-content\/uploads\/2025\/10\/Airton-Sehn-e-eleito-Presidente-da-Associacao-Empresarial-de-ItapirangaA-Associacao-Empresarial--1024x496.jpg\" alt=\"\" class=\"wp-image-4153\" srcset=\"https:\/\/assemit.com.br\/novo\/wp-content\/uploads\/2025\/10\/Airton-Sehn-e-eleito-Presidente-da-Associacao-Empresarial-de-ItapirangaA-Associacao-Empresarial--1024x496.jpg 1024w, https:\/\/assemit.com.br\/novo\/wp-content\/uploads\/2025\/10\/Airton-Sehn-e-eleito-Presidente-da-Associacao-Empresarial-de-ItapirangaA-Associacao-Empresarial--300x145.jpg 300w, https:\/\/assemit.com.br\/novo\/wp-content\/uploads\/2025\/10\/Airton-Sehn-e-eleito-Presidente-da-Associacao-Empresarial-de-ItapirangaA-Associacao-Empresarial--768x372.jpg 768w, https:\/\/assemit.com.br\/novo\/wp-content\/uploads\/2025\/10\/Airton-Sehn-e-eleito-Presidente-da-Associacao-Empresarial-de-ItapirangaA-Associacao-Empresarial-.jpg 1039w\" sizes=\"auto, (max-width: 1024px) 100vw, 1024px\" \/><\/a><\/figure>\n<\/figure>\n\n\n\n<p>&gt;Saiba mais em: www.peperi.com.br<br>&gt;Fotos: Ricardo do Nascimento\/Rede Peperi<\/p>\n\n\n\n<figure class=\"wp-block-video\"><video height=\"1280\" style=\"aspect-ratio: 720 \/ 1280;\" width=\"720\" controls src=\"https:\/\/assemit.com.br\/novo\/wp-content\/uploads\/2025\/10\/assembleia_Oktoberfest.mp4\"><\/video><\/figure>\n","protected":false},"excerpt":{"rendered":"<p>A Associa\u00e7\u00e3o Empresarial e Cultural de Itapiranga definiu na noite desta quarta-feira, 29, no Manchini Eventos, em Laranjeira, interior de Itapiranga, a diretoria para o tri\u00eanio de 2026 a 2028. O advogado e atual vice-presidente da entidade, Airton Sehn, foi [&hellip;]<\/p>\n","protected":false},"author":2,"featured_media":4153,"comment_status":"closed","ping_status":"closed","sticky":false,"template":"","format":"standard","meta":{"ngg_post_thumbnail":0,"footnotes":""},"categories":[6],"tags":[],"class_list":["post-4151","post","type-post","status-publish","format-standard","has-post-thumbnail","hentry","category-novidades"],"_links":{"self":[{"href":"https:\/\/assemit.com.br\/novo\/index.php?rest_route=\/wp\/v2\/posts\/4151","targetHints":{"allow":["GET"]}}],"collection":[{"href":"https:\/\/assemit.com.br\/novo\/index.php?rest_route=\/wp\/v2\/posts"}],"about":[{"href":"https:\/\/assemit.com.br\/novo\/index.php?rest_route=\/wp\/v2\/types\/post"}],"author":[{"embeddable":true,"href":"https:\/\/assemit.com.br\/novo\/index.php?rest_route=\/wp\/v2\/users\/2"}],"replies":[{"embeddable":true,"href":"https:\/\/assemit.com.br\/novo\/index.php?rest_route=%2Fwp%2Fv2%2Fcomments&post=4151"}],"version-history":[{"count":5,"href":"https:\/\/assemit.com.br\/novo\/index.php?rest_route=\/wp\/v2\/posts\/4151\/revisions"}],"predecessor-version":[{"id":4159,"href":"https:\/\/assemit.com.br\/novo\/index.php?rest_route=\/wp\/v2\/posts\/4151\/revisions\/4159"}],"wp:featuredmedia":[{"embeddable":true,"href":"https:\/\/assemit.com.br\/novo\/index.php?rest_route=\/wp\/v2\/media\/4153"}],"wp:attachment":[{"href":"https:\/\/assemit.com.br\/novo\/index.php?rest_route=%2Fwp%2Fv2%2Fmedia&parent=4151"}],"wp:term":[{"taxonomy":"category","embeddable":true,"href":"https:\/\/assemit.com.br\/novo\/index.php?rest_route=%2Fwp%2Fv2%2Fcategories&post=4151"},{"taxonomy":"post_tag","embeddable":true,"href":"https:\/\/assemit.com.br\/novo\/index.php?rest_route=%2Fwp%2Fv2%2Ftags&post=4151"}],"curies":[{"name":"wp","href":"https:\/\/api.w.org\/{rel}","templated":true}]}}