{"id":4161,"date":"2025-11-01T14:42:50","date_gmt":"2025-11-01T17:42:50","guid":{"rendered":"https:\/\/assemit.com.br\/novo\/?p=4161"},"modified":"2025-11-14T14:45:15","modified_gmt":"2025-11-14T17:45:15","slug":"novo-presidente-da-assemit-coloca-grandes-eventos-no-radar-da-entidade","status":"publish","type":"post","link":"https:\/\/assemit.com.br\/novo\/?p=4161","title":{"rendered":"Novo presidente da Assemit coloca grandes eventos no radar da entidade"},"content":{"rendered":"\n<p>A Assemit vai buscar maior protagonismo em grandes eventos de Itapiranga. J\u00e1 ocorreram ajustes no estatuto para permitir atua\u00e7\u00e3o em diferentes programa\u00e7\u00f5es. O objetivo \u00e9 desburocratizar a organiza\u00e7\u00e3o da Oktoberfest e da Exposi\u00e7\u00e3o Feira Agropecu\u00e1ria e Comercial de Itapiranga (EFRAIT).<\/p>\n\n\n\n<p>Conforme o Presidente eleito da Associa\u00e7\u00e3o Empresarial e Cultural, Airton Sehn, com a organiza\u00e7\u00e3o da Prefeitura, ocorre a necessidade de realiza\u00e7\u00e3o de licita\u00e7\u00e3o para tudo que for contratado. \u201cDesta forma o valor sobe e o trabalho perde dinamismo\u201d avalia. Sehn vai comandar a Assemit at\u00e9 2028 e diz que j\u00e1 iniciaram os trabalhos para a entidade atuar na linha de frente na organiza\u00e7\u00e3o de grandes eventos.<\/p>\n\n\n\n<p>Segundo o Presidente da Assemit, tudo precisa ser feito por meios legais, pois a prefeitura enfrenta dificuldade maior para executar determinados trabalhos. Airton Sehn destaca o foco no trabalho em equipe e com uma diretoria que vai atuar com menor n\u00famero de integrantes, por\u00e9m mais coeso.<\/p>\n\n\n\n<p>O Presidente eleito chama aten\u00e7\u00e3o que a Assemit registra crescimento constante, com a conquista da sede pr\u00f3pria, cria\u00e7\u00e3o de n\u00facleos e amplia\u00e7\u00e3o de benef\u00edcios para os associados e demais empres\u00e1rios do munic\u00edpio. \u201cA Assemit n\u00e3o \u00e9 minha, ela \u00e9 nossa. E vamos trabalhar desta forma\u201d.<br>Publicado em www.peperi.com.br <\/p>\n","protected":false},"excerpt":{"rendered":"<p>A Assemit vai buscar maior protagonismo em grandes eventos de Itapiranga. J\u00e1 ocorreram ajustes no estatuto para permitir atua\u00e7\u00e3o em diferentes programa\u00e7\u00f5es. O objetivo \u00e9 desburocratizar a organiza\u00e7\u00e3o da Oktoberfest e da Exposi\u00e7\u00e3o Feira Agropecu\u00e1ria e Comercial de Itapiranga (EFRAIT). [&hellip;]<\/p>\n","protected":false},"author":2,"featured_media":4162,"comment_status":"closed","ping_status":"closed","sticky":false,"template":"","format":"standard","meta":{"ngg_post_thumbnail":0,"footnotes":""},"categories":[6],"tags":[],"class_list":["post-4161","post","type-post","status-publish","format-standard","has-post-thumbnail","hentry","category-novidades"],"_links":{"self":[{"href":"https:\/\/assemit.com.br\/novo\/index.php?rest_route=\/wp\/v2\/posts\/4161","targetHints":{"allow":["GET"]}}],"collection":[{"href":"https:\/\/assemit.com.br\/novo\/index.php?rest_route=\/wp\/v2\/posts"}],"about":[{"href":"https:\/\/assemit.com.br\/novo\/index.php?rest_route=\/wp\/v2\/types\/post"}],"author":[{"embeddable":true,"href":"https:\/\/assemit.com.br\/novo\/index.php?rest_route=\/wp\/v2\/users\/2"}],"replies":[{"embeddable":true,"href":"https:\/\/assemit.com.br\/novo\/index.php?rest_route=%2Fwp%2Fv2%2Fcomments&post=4161"}],"version-history":[{"count":2,"href":"https:\/\/assemit.com.br\/novo\/index.php?rest_route=\/wp\/v2\/posts\/4161\/revisions"}],"predecessor-version":[{"id":4164,"href":"https:\/\/assemit.com.br\/novo\/index.php?rest_route=\/wp\/v2\/posts\/4161\/revisions\/4164"}],"wp:featuredmedia":[{"embeddable":true,"href":"https:\/\/assemit.com.br\/novo\/index.php?rest_route=\/wp\/v2\/media\/4162"}],"wp:attachment":[{"href":"https:\/\/assemit.com.br\/novo\/index.php?rest_route=%2Fwp%2Fv2%2Fmedia&parent=4161"}],"wp:term":[{"taxonomy":"category","embeddable":true,"href":"https:\/\/assemit.com.br\/novo\/index.php?rest_route=%2Fwp%2Fv2%2Fcategories&post=4161"},{"taxonomy":"post_tag","embeddable":true,"href":"https:\/\/assemit.com.br\/novo\/index.php?rest_route=%2Fwp%2Fv2%2Ftags&post=4161"}],"curies":[{"name":"wp","href":"https:\/\/api.w.org\/{rel}","templated":true}]}}