{"id":4179,"date":"2025-12-01T11:22:03","date_gmt":"2025-12-01T14:22:03","guid":{"rendered":"https:\/\/assemit.com.br\/novo\/?p=4179"},"modified":"2025-12-01T11:22:03","modified_gmt":"2025-12-01T14:22:03","slug":"posse-da-nova-diretoria-trienio-2026-2028","status":"publish","type":"post","link":"https:\/\/assemit.com.br\/novo\/?p=4179","title":{"rendered":"Posse da Nova Diretoria \u2013 Tri\u00eanio 2026\/2028"},"content":{"rendered":"\n<p>Em uma cerim\u00f4nia marcada por esp\u00edrito de uni\u00e3o e compromisso institucional, foi empossada no \u00faltimo dia 27\/11 a nova diretoria da Associa\u00e7\u00e3o para o tri\u00eanio 2026\/2028. O momento representou a consolida\u00e7\u00e3o de um novo ciclo de trabalho, dedicado ao fortalecimento das a\u00e7\u00f5es da entidade e \u00e0 continuidade de sua miss\u00e3o.<\/p>\n\n\n\n<p>No ato solene, Airton Sehn assumiu oficialmente o cargo de Presidente da Associa\u00e7\u00e3o, recebendo a responsabilidade de conduzir a institui\u00e7\u00e3o pelos pr\u00f3ximos tr\u00eas anos. Sua posse foi acompanhada pelos demais membros da diretoria, que juntos reafirmaram o compromisso de atuar com \u00e9tica, transpar\u00eancia e dedica\u00e7\u00e3o em prol dos associados e da comunidade.<\/p>\n\n\n\n<p>A nova gest\u00e3o inicia suas atividades com o objetivo de promover avan\u00e7os significativos, ampliar projetos e fortalecer a representatividade da Associa\u00e7\u00e3o, sempre pautada pelo di\u00e1logo e pela coopera\u00e7\u00e3o.<\/p>\n\n\n\n<p>A cerim\u00f4nia encerrou-se com palavras de agradecimento e com a expectativa de um tri\u00eanio produtivo, marcado por conquistas e pelo desenvolvimento cont\u00ednuo da entidade.<\/p>\n\n\n\n<figure class=\"wp-block-gallery has-nested-images columns-default is-cropped wp-block-gallery-1 is-layout-flex wp-block-gallery-is-layout-flex\">\n<figure class=\"wp-block-image size-large\"><a href=\"https:\/\/assemit.com.br\/novo\/wp-content\/uploads\/2025\/12\/Posse-da-Nova-Diretoria-\u2013-Trienio-2026-2028.webp\"><img decoding=\"async\" data-id=\"4181\" src=\"https:\/\/assemit.com.br\/novo\/wp-content\/uploads\/2025\/12\/Posse-da-Nova-Diretoria-\u2013-Trienio-2026-2028-1024x1024.webp\" alt=\"\" class=\"wp-image-4181\"\/><\/a><\/figure>\n\n\n\n<figure class=\"wp-block-image size-large\"><a href=\"https:\/\/assemit.com.br\/novo\/wp-content\/uploads\/2025\/12\/Posse-da-Nova-Diretoria-\u2013-Trienio-2026-20281.webp\"><img loading=\"lazy\" decoding=\"async\" width=\"1024\" height=\"1024\" data-id=\"4180\" src=\"https:\/\/assemit.com.br\/novo\/wp-content\/uploads\/2025\/12\/Posse-da-Nova-Diretoria-\u2013-Trienio-2026-20281-1024x1024.webp\" alt=\"\" class=\"wp-image-4180\" srcset=\"https:\/\/assemit.com.br\/novo\/wp-content\/uploads\/2025\/12\/Posse-da-Nova-Diretoria-\u2013-Trienio-2026-20281-1024x1024.webp 1024w, https:\/\/assemit.com.br\/novo\/wp-content\/uploads\/2025\/12\/Posse-da-Nova-Diretoria-\u2013-Trienio-2026-20281-300x300.webp 300w, https:\/\/assemit.com.br\/novo\/wp-content\/uploads\/2025\/12\/Posse-da-Nova-Diretoria-\u2013-Trienio-2026-20281-150x150.webp 150w, https:\/\/assemit.com.br\/novo\/wp-content\/uploads\/2025\/12\/Posse-da-Nova-Diretoria-\u2013-Trienio-2026-20281-768x768.webp 768w, https:\/\/assemit.com.br\/novo\/wp-content\/uploads\/2025\/12\/Posse-da-Nova-Diretoria-\u2013-Trienio-2026-20281.webp 1080w\" sizes=\"auto, (max-width: 1024px) 100vw, 1024px\" \/><\/a><\/figure>\n<\/figure>\n","protected":false},"excerpt":{"rendered":"<p>Em uma cerim\u00f4nia marcada por esp\u00edrito de uni\u00e3o e compromisso institucional, foi empossada no \u00faltimo dia 27\/11 a nova diretoria da Associa\u00e7\u00e3o para o tri\u00eanio 2026\/2028. O momento representou a consolida\u00e7\u00e3o de um novo ciclo de trabalho, dedicado ao fortalecimento [&hellip;]<\/p>\n","protected":false},"author":2,"featured_media":4181,"comment_status":"closed","ping_status":"closed","sticky":false,"template":"","format":"standard","meta":{"ngg_post_thumbnail":0,"footnotes":""},"categories":[6],"tags":[],"class_list":["post-4179","post","type-post","status-publish","format-standard","has-post-thumbnail","hentry","category-novidades"],"_links":{"self":[{"href":"https:\/\/assemit.com.br\/novo\/index.php?rest_route=\/wp\/v2\/posts\/4179","targetHints":{"allow":["GET"]}}],"collection":[{"href":"https:\/\/assemit.com.br\/novo\/index.php?rest_route=\/wp\/v2\/posts"}],"about":[{"href":"https:\/\/assemit.com.br\/novo\/index.php?rest_route=\/wp\/v2\/types\/post"}],"author":[{"embeddable":true,"href":"https:\/\/assemit.com.br\/novo\/index.php?rest_route=\/wp\/v2\/users\/2"}],"replies":[{"embeddable":true,"href":"https:\/\/assemit.com.br\/novo\/index.php?rest_route=%2Fwp%2Fv2%2Fcomments&post=4179"}],"version-history":[{"count":1,"href":"https:\/\/assemit.com.br\/novo\/index.php?rest_route=\/wp\/v2\/posts\/4179\/revisions"}],"predecessor-version":[{"id":4182,"href":"https:\/\/assemit.com.br\/novo\/index.php?rest_route=\/wp\/v2\/posts\/4179\/revisions\/4182"}],"wp:featuredmedia":[{"embeddable":true,"href":"https:\/\/assemit.com.br\/novo\/index.php?rest_route=\/wp\/v2\/media\/4181"}],"wp:attachment":[{"href":"https:\/\/assemit.com.br\/novo\/index.php?rest_route=%2Fwp%2Fv2%2Fmedia&parent=4179"}],"wp:term":[{"taxonomy":"category","embeddable":true,"href":"https:\/\/assemit.com.br\/novo\/index.php?rest_route=%2Fwp%2Fv2%2Fcategories&post=4179"},{"taxonomy":"post_tag","embeddable":true,"href":"https:\/\/assemit.com.br\/novo\/index.php?rest_route=%2Fwp%2Fv2%2Ftags&post=4179"}],"curies":[{"name":"wp","href":"https:\/\/api.w.org\/{rel}","templated":true}]}}