{"id":53,"date":"2009-02-03T19:07:56","date_gmt":"2009-02-03T19:07:56","guid":{"rendered":"http:\/\/novo2017.assemit.com.br\/?p=53"},"modified":"2009-02-03T19:07:56","modified_gmt":"2009-02-03T19:07:56","slug":"empresario-destaque","status":"publish","type":"post","link":"https:\/\/assemit.com.br\/novo\/?p=53","title":{"rendered":"Empres\u00e1rio destaque"},"content":{"rendered":"<p>A Assemit promove de dois em dois anos a escolha do Empres\u00e1rio destaque entre os associados. A escolha \u00e9 realizada em tradicional baile.<\/p>\n<p align=\"center\"><img decoding=\"async\" class=\" size-full wp-image-48\" src=\"http:\/\/novo2017.assemit.com.br\/wp-content\/uploads\/2009\/02\/14-11-2011%20039.jpg\" border=\"0\" width=\"603\" \/><\/p>\n<p align=\"center\">2011 &#8211; Empres\u00e1rio\/Gestor Destaque Afonso Niehues<\/p>\n<p align=\"center\"><img loading=\"lazy\" decoding=\"async\" class=\" size-full wp-image-49\" src=\"http:\/\/novo2017.assemit.com.br\/wp-content\/uploads\/2009\/02\/28-11-2009%2833%29.jpg\" border=\"0\" width=\"603\" height=\"402\" \/><br \/>2009 &#8211; Empres\u00e1rio Destaque Miguel Aloisio Schneider<\/p>\n<p align=\"center\"><img loading=\"lazy\" decoding=\"async\" class=\" size-full wp-image-50\" src=\"http:\/\/novo2017.assemit.com.br\/wp-content\/uploads\/2009\/02\/28-11-2009%2827%29.jpg\" border=\"0\" width=\"603\" height=\"402\" \/><br \/>2009 -Empresa Destaque Ise Flores (Carlise Welter Werlang)<\/p>\n<p align=\"center\"><img loading=\"lazy\" decoding=\"async\" class=\" size-full wp-image-51\" src=\"http:\/\/novo2017.assemit.com.br\/wp-content\/uploads\/2009\/02\/Empresario%20Destaque%202007.jpg\" border=\"0\" width=\"350\" height=\"213\" \/><br \/>2007 &#8211; Presidente da Creditapiranga Jos\u00e9 Adalberto Michels<\/p>\n<p align=\"center\"><img loading=\"lazy\" decoding=\"async\" class=\" size-full wp-image-52\" src=\"http:\/\/novo2017.assemit.com.br\/wp-content\/uploads\/2009\/02\/tarcisio1.jpg\" border=\"0\" width=\"350\" height=\"233\" srcset=\"https:\/\/assemit.com.br\/novo\/wp-content\/uploads\/2009\/02\/tarcisio1.jpg 350w, https:\/\/assemit.com.br\/novo\/wp-content\/uploads\/2009\/02\/tarcisio1-300x200.jpg 300w\" sizes=\"auto, (max-width: 350px) 100vw, 350px\" \/><br \/>2005 &#8211; Presidente da FAI Faculdades Tarc\u00edsio Kummer<\/p>\n","protected":false},"excerpt":{"rendered":"<p>A Assemit promove de dois em dois anos a escolha do Empres\u00e1rio destaque entre os associados. A escolha \u00e9 realizada em tradicional baile. 2011 &#8211; Empres\u00e1rio\/Gestor Destaque Afonso Niehues 2009 &#8211; Empres\u00e1rio Destaque Miguel Aloisio Schneider 2009 -Empresa Destaque Ise [&hellip;]<\/p>\n","protected":false},"author":1,"featured_media":48,"comment_status":"open","ping_status":"open","sticky":false,"template":"","format":"standard","meta":{"ngg_post_thumbnail":0,"footnotes":""},"categories":[8],"tags":[],"class_list":["post-53","post","type-post","status-publish","format-standard","has-post-thumbnail","hentry","category-assemit-assemit"],"_links":{"self":[{"href":"https:\/\/assemit.com.br\/novo\/index.php?rest_route=\/wp\/v2\/posts\/53","targetHints":{"allow":["GET"]}}],"collection":[{"href":"https:\/\/assemit.com.br\/novo\/index.php?rest_route=\/wp\/v2\/posts"}],"about":[{"href":"https:\/\/assemit.com.br\/novo\/index.php?rest_route=\/wp\/v2\/types\/post"}],"author":[{"embeddable":true,"href":"https:\/\/assemit.com.br\/novo\/index.php?rest_route=\/wp\/v2\/users\/1"}],"replies":[{"embeddable":true,"href":"https:\/\/assemit.com.br\/novo\/index.php?rest_route=%2Fwp%2Fv2%2Fcomments&post=53"}],"version-history":[{"count":0,"href":"https:\/\/assemit.com.br\/novo\/index.php?rest_route=\/wp\/v2\/posts\/53\/revisions"}],"wp:featuredmedia":[{"embeddable":true,"href":"https:\/\/assemit.com.br\/novo\/index.php?rest_route=\/wp\/v2\/media\/48"}],"wp:attachment":[{"href":"https:\/\/assemit.com.br\/novo\/index.php?rest_route=%2Fwp%2Fv2%2Fmedia&parent=53"}],"wp:term":[{"taxonomy":"category","embeddable":true,"href":"https:\/\/assemit.com.br\/novo\/index.php?rest_route=%2Fwp%2Fv2%2Fcategories&post=53"},{"taxonomy":"post_tag","embeddable":true,"href":"https:\/\/assemit.com.br\/novo\/index.php?rest_route=%2Fwp%2Fv2%2Ftags&post=53"}],"curies":[{"name":"wp","href":"https:\/\/api.w.org\/{rel}","templated":true}]}}