{"id":56,"date":"2009-01-25T03:00:00","date_gmt":"2009-01-25T03:00:00","guid":{"rendered":"http:\/\/novo2017.assemit.com.br\/?p=56"},"modified":"2009-01-25T03:00:00","modified_gmt":"2009-01-25T03:00:00","slug":"nucleos","status":"publish","type":"post","link":"https:\/\/assemit.com.br\/novo\/?p=56","title":{"rendered":"N\u00facleos setoriais"},"content":{"rendered":"<p><strong>O que s\u00e3o?<\/strong><br \/>S\u00e3o grupos de trabalho formados por pessoas jur\u00eddicas ou colaboradores de empresas de \u00e1reas afins ou profissionais liberais ou profissionais aut\u00f4nomos devidamente legalizados e que se dediquem a atividades econ\u00f4micas afins, que, mesmo concorrendo entre si na disputa pelo mercado, atuam em conjunto na solu\u00e7\u00e3o de problemas comuns, quebrando o isolamento.<\/p>\n<p><strong>Objetivos<br \/><\/strong>\u2022 Quebrar o isolamento dos participantes;<br \/>\u2022 Fortalecer a cultura do associativismo;<br \/>\u2022 Promover o desenvolvimento da empresa, do seu setor e da economia.<\/p>\n<p><strong>Como funciona?<br \/><\/strong>Aplicando metodologias de condu\u00e7\u00e3o de reuni\u00f5es um consultor (moderador) auxilia os empres\u00e1rios reunidos para:<br \/>\u2022 Identificar os problemas e necessidades existentes;<br \/>\u2022 Trocar informa\u00e7\u00f5es e experi\u00eancias;<br \/>\u2022 Decidir e realizar atividades de treinamento e consultoria;<br \/>\u2022 Negociar com fornecedores e clientes sobre bens e servi\u00e7os;<br \/>\u2022 Facilitar o acesso \u00e0s inova\u00e7\u00f5es tecnol\u00f3gicas e de mercado;<br \/>\u2022 Buscar solu\u00e7\u00f5es em conjunto.<\/p>\n<p><strong>Resultados para os participantes<br \/><\/strong>&#8211; Em empresas participantes dos n\u00facleos setoriais existe queda do \u00edndice de fal\u00eancia e aumento da m\u00e3o de obra empregada;<br \/>&#8211; Acontece uma transforma\u00e7\u00e3o e um desenvolvimento da empresa e do setor, facilmente identificado pelo mercado;<br \/>&#8211; Empres\u00e1rios que atuam no mesmo ramo de atividades passam a ser vistos como colegas, com experi\u00eancias e problemas semelhantes, e n\u00e3o s\u00e3o considerados advers\u00e1rios.<\/p>\n<p><strong>Rela\u00e7\u00e3o dos N\u00facleos Setorias:<\/strong><\/p>\n<p>&#8211; N\u00facleo Automecanicas;<\/p>\n<p>&#8211; N\u00facleo de Alimentos;<\/p>\n<p>&#8211; JEI-N\u00facleo de Jovens Empreendedores Itapiranguense;<\/p>\n<p>&#8211; N\u00facleo de Contadores;<\/p>\n<p>&#8211; N\u00facleo da Mulher Empres\u00e1ria\/Empreendedora;<\/p>\n","protected":false},"excerpt":{"rendered":"<p>O que s\u00e3o?S\u00e3o grupos de trabalho formados por pessoas jur\u00eddicas ou colaboradores de empresas de \u00e1reas afins ou profissionais liberais ou profissionais aut\u00f4nomos devidamente legalizados e que se dediquem a atividades econ\u00f4micas afins, que, mesmo concorrendo entre si na disputa [&hellip;]<\/p>\n","protected":false},"author":1,"featured_media":0,"comment_status":"open","ping_status":"open","sticky":false,"template":"","format":"standard","meta":{"ngg_post_thumbnail":0,"footnotes":""},"categories":[8],"tags":[],"class_list":["post-56","post","type-post","status-publish","format-standard","hentry","category-assemit-assemit"],"_links":{"self":[{"href":"https:\/\/assemit.com.br\/novo\/index.php?rest_route=\/wp\/v2\/posts\/56","targetHints":{"allow":["GET"]}}],"collection":[{"href":"https:\/\/assemit.com.br\/novo\/index.php?rest_route=\/wp\/v2\/posts"}],"about":[{"href":"https:\/\/assemit.com.br\/novo\/index.php?rest_route=\/wp\/v2\/types\/post"}],"author":[{"embeddable":true,"href":"https:\/\/assemit.com.br\/novo\/index.php?rest_route=\/wp\/v2\/users\/1"}],"replies":[{"embeddable":true,"href":"https:\/\/assemit.com.br\/novo\/index.php?rest_route=%2Fwp%2Fv2%2Fcomments&post=56"}],"version-history":[{"count":0,"href":"https:\/\/assemit.com.br\/novo\/index.php?rest_route=\/wp\/v2\/posts\/56\/revisions"}],"wp:attachment":[{"href":"https:\/\/assemit.com.br\/novo\/index.php?rest_route=%2Fwp%2Fv2%2Fmedia&parent=56"}],"wp:term":[{"taxonomy":"category","embeddable":true,"href":"https:\/\/assemit.com.br\/novo\/index.php?rest_route=%2Fwp%2Fv2%2Fcategories&post=56"},{"taxonomy":"post_tag","embeddable":true,"href":"https:\/\/assemit.com.br\/novo\/index.php?rest_route=%2Fwp%2Fv2%2Ftags&post=56"}],"curies":[{"name":"wp","href":"https:\/\/api.w.org\/{rel}","templated":true}]}}