{"id":57,"date":"2009-01-25T03:00:00","date_gmt":"2009-01-25T03:00:00","guid":{"rendered":"http:\/\/novo2017.assemit.com.br\/?p=57"},"modified":"2009-01-25T03:00:00","modified_gmt":"2009-01-25T03:00:00","slug":"servicos","status":"publish","type":"post","link":"https:\/\/assemit.com.br\/novo\/?p=57","title":{"rendered":"Servi\u00e7os"},"content":{"rendered":"<p>\u2022 SCPC \u2013 Servi\u00e7o Central de Prote\u00e7\u00e3o ao Cr\u00e9dito;<br \/>\u2022 PARCERIA COM CIEE;<br \/>\u2022 CONV\u00caNIOS \u2013 UNIMED, FARM\u00c1CIAS, DENTISTAS; <br \/>\u2022 PARCERIA COM VITAL ASSESSORIA EM GEST\u00c3O DE PESSOAS;<br \/>\u2022 Cursos, Palestras e Semin\u00e1rios;<br \/>\u2022 CONSULTORIAS (SEBRAE E PREFEITURA);<br \/>\u2022 PPRA \u2013 Programa de Preven\u00e7\u00e3o de Riscos Ambientais, elaborado por Anderson Marasca e Jose Paulo Skovronski (Zeca);<br \/>\u2022 SHOW DE PR\u00caMIOS E RASPADINHAS;<br \/>\u2022 SERVI\u00c7O DE APOIO ADMINISTRATIVOS AOS ASSOCIADOS;<br \/>\u2022 CERTIFICADO DE ORIGEM;<br \/>\u2022 PARTICIPA\u00c7\u00c3O NO N\u00daCLEO DE ESTUDOS ESTRAT\u00c9GICOS;<br \/>\u2022 MISS\u00d5ES EMPRESARIAIS;<br \/>\u2022 Sala de Reuni\u00f5es;<br \/>\u2022 Produtos SEBRAE;<br \/>\u2022 Semana \u201cItapiranga \u00e9 Natal\u201d em parceria com entidades locais:<br \/>\u2022 Empres\u00e1rio Destaque e Baile do Comerci\u00e1rio;<br \/>\u2022 Domingo de Integra\u00e7\u00e3o;<br \/>\u2022 Assembl\u00e9ias Mensais;<br \/>\u2022 Reuni\u00f5es de Diretoria Mensais;<br \/>\u2022 Reuni\u00f5es das ACIs de Itapiranga, S\u00e3o Jo\u00e3o do Oeste, Tun\u00e1polis, Ipor\u00e3 do Oeste, Mondai e Descanso;<br \/>\u2022 Realiza\u00e7\u00e3o da EFRAIT;<br \/>\u2022 Passeios com o Trenzinho do Papai Noel;<br \/>\u2022 Acordo com Sindicom\u00e9rcio de Hor\u00e1rio Especial para o final do ano; <br \/>\u2022 Participa\u00e7\u00e3o em desfiles da Oktober;<br \/>\u2022 Entrega de reivindica\u00e7\u00f5es coletivas;<br \/>\u2022 Participa\u00e7\u00e3o na Feria do Empreender;<br \/>\u2022 Participa\u00e7\u00e3o no Congresso Empresarial da FACISC;<br \/>\u2022 PARCERIA COM SICOOB CREDITAPIRANGA NO PROJETO \u201cSACOLAS VAI E VOLTA\u201d<br \/>\u2022 Assessoria Jur\u00eddica;<br \/>\u2022 Projeto EMPREENDER;<br \/>\u2022 Caf\u00e9s com Empres\u00e1rios associados e entidades locais;<br \/>\u2022 Informativos Bimestrais<\/p>\n","protected":false},"excerpt":{"rendered":"<p>\u2022 SCPC \u2013 Servi\u00e7o Central de Prote\u00e7\u00e3o ao Cr\u00e9dito;\u2022 PARCERIA COM CIEE;\u2022 CONV\u00caNIOS \u2013 UNIMED, FARM\u00c1CIAS, DENTISTAS; \u2022 PARCERIA COM VITAL ASSESSORIA EM GEST\u00c3O DE PESSOAS;\u2022 Cursos, Palestras e Semin\u00e1rios;\u2022 CONSULTORIAS (SEBRAE E PREFEITURA);\u2022 PPRA \u2013 Programa de Preven\u00e7\u00e3o de [&hellip;]<\/p>\n","protected":false},"author":1,"featured_media":0,"comment_status":"open","ping_status":"open","sticky":false,"template":"","format":"standard","meta":{"ngg_post_thumbnail":0,"footnotes":""},"categories":[8],"tags":[],"class_list":["post-57","post","type-post","status-publish","format-standard","hentry","category-assemit-assemit"],"_links":{"self":[{"href":"https:\/\/assemit.com.br\/novo\/index.php?rest_route=\/wp\/v2\/posts\/57","targetHints":{"allow":["GET"]}}],"collection":[{"href":"https:\/\/assemit.com.br\/novo\/index.php?rest_route=\/wp\/v2\/posts"}],"about":[{"href":"https:\/\/assemit.com.br\/novo\/index.php?rest_route=\/wp\/v2\/types\/post"}],"author":[{"embeddable":true,"href":"https:\/\/assemit.com.br\/novo\/index.php?rest_route=\/wp\/v2\/users\/1"}],"replies":[{"embeddable":true,"href":"https:\/\/assemit.com.br\/novo\/index.php?rest_route=%2Fwp%2Fv2%2Fcomments&post=57"}],"version-history":[{"count":0,"href":"https:\/\/assemit.com.br\/novo\/index.php?rest_route=\/wp\/v2\/posts\/57\/revisions"}],"wp:attachment":[{"href":"https:\/\/assemit.com.br\/novo\/index.php?rest_route=%2Fwp%2Fv2%2Fmedia&parent=57"}],"wp:term":[{"taxonomy":"category","embeddable":true,"href":"https:\/\/assemit.com.br\/novo\/index.php?rest_route=%2Fwp%2Fv2%2Fcategories&post=57"},{"taxonomy":"post_tag","embeddable":true,"href":"https:\/\/assemit.com.br\/novo\/index.php?rest_route=%2Fwp%2Fv2%2Ftags&post=57"}],"curies":[{"name":"wp","href":"https:\/\/api.w.org\/{rel}","templated":true}]}}