{"id":59,"date":"2009-01-25T03:00:00","date_gmt":"2009-01-25T03:00:00","guid":{"rendered":"http:\/\/novo2017.assemit.com.br\/?p=59"},"modified":"2009-01-25T03:00:00","modified_gmt":"2009-01-25T03:00:00","slug":"diretoria","status":"publish","type":"post","link":"https:\/\/assemit.com.br\/novo\/?p=59","title":{"rendered":"Diretoria 2009-2010"},"content":{"rendered":"<p><strong><img loading=\"lazy\" decoding=\"async\" class=\" size-full wp-image-58\" src=\"http:\/\/novo2017.assemit.com.br\/wp-content\/uploads\/2009\/01\/diretoria2009-2010.jpg\" border=\"0\" width=\"551\" height=\"328\" srcset=\"https:\/\/assemit.com.br\/novo\/wp-content\/uploads\/2009\/01\/diretoria2009-2010.jpg 551w, https:\/\/assemit.com.br\/novo\/wp-content\/uploads\/2009\/01\/diretoria2009-2010-300x179.jpg 300w\" sizes=\"auto, (max-width: 551px) 100vw, 551px\" \/> <\/strong><\/p>\n<p><strong>Presidente<\/strong>: <a href=\"mailto:presidente@assemit.com.br\" target=\"_blank\">Afonso Niehues<\/a> <strong>Vice-presidente<\/strong>: Marino Spies<\/p>\n<p><strong>Secret\u00e1ria<\/strong>: Maria Helena S. Becker <strong>Vice<\/strong>: Ivete C. Spies<\/p>\n<p><strong>Tesoureiro<\/strong>: Clemente Schnorrenberger <strong>Vice<\/strong>: Nirton Follmann<\/p>\n<p><strong>Fiscais<\/strong>: Ant\u00f4nio V. Sidegum, Roque Pauli e Roseli F.B. Pivatto<\/p>\n<p><strong>Suplentes<\/strong>: Dadiana Mayer, S\u00f4nia Spaniol Theisen e Neri Bogorni <\/p>\n<p><strong>Assessoria de Comunica\u00e7\u00e3o<\/strong>: Abr\u00e3o Moura e Valdir Eidt<\/p>\n<p><strong>Departamento de Com\u00e9rcio e Exterior<\/strong>: Selmo Deiss e Luis Bourscheid<\/p>\n<p><strong>Departamento de Com\u00e9rcio Nacional<\/strong>: L\u00edrio Eich e Johny Griebeler<\/p>\n<p><strong>Departamento Agropecu\u00e1rio<\/strong>: Fabr\u00edcio Braga<\/p>\n<p><strong>Departamento Cultural, Social e Esportivo<\/strong>: Valentim Lauschner<\/p>\n<p><strong>Departamento da Ind\u00fastria<\/strong>: Elton Maldaner e Heins Averbeck<\/p>\n<p><strong>Departamento de Servi\u00e7os de Prote\u00e7\u00e3o ao Cr\u00e9dito<\/strong>: Miguel Alo\u00edsio Schneider<\/p>\n<p><strong>Departamento de Aperfei\u00e7oamento Profissional<\/strong>: Marino Luis Eyerkaufer<\/p>\n<p><strong>Departamento de Presta\u00e7\u00e3o de Servi\u00e7os<\/strong>: C\u00e9lio Altenhofen<\/p>\n<p><strong>Departamento de Turismo<\/strong>: Fernando Santin<\/p>\n<p><strong>Assessoria Jur\u00eddica<\/strong>: Jos\u00e9 Antonio Facco<\/p>\n<p><strong>Eventos e Show de Pr\u00eamios<\/strong>: Alexandre Siqueira<\/p>\n<p><strong>Conselho Deliberativo: <\/strong>Carlise Welter Werlang, \u00c9lbio Schimuneck e F\u00e9lix Jos\u00e9 Sausen<\/p>\n","protected":false},"excerpt":{"rendered":"<p>Presidente: Afonso Niehues Vice-presidente: Marino Spies Secret\u00e1ria: Maria Helena S. Becker Vice: Ivete C. Spies Tesoureiro: Clemente Schnorrenberger Vice: Nirton Follmann Fiscais: Ant\u00f4nio V. Sidegum, Roque Pauli e Roseli F.B. Pivatto Suplentes: Dadiana Mayer, S\u00f4nia Spaniol Theisen e Neri Bogorni [&hellip;]<\/p>\n","protected":false},"author":1,"featured_media":58,"comment_status":"open","ping_status":"open","sticky":false,"template":"","format":"standard","meta":{"ngg_post_thumbnail":0,"footnotes":""},"categories":[8],"tags":[],"class_list":["post-59","post","type-post","status-publish","format-standard","has-post-thumbnail","hentry","category-assemit-assemit"],"_links":{"self":[{"href":"https:\/\/assemit.com.br\/novo\/index.php?rest_route=\/wp\/v2\/posts\/59","targetHints":{"allow":["GET"]}}],"collection":[{"href":"https:\/\/assemit.com.br\/novo\/index.php?rest_route=\/wp\/v2\/posts"}],"about":[{"href":"https:\/\/assemit.com.br\/novo\/index.php?rest_route=\/wp\/v2\/types\/post"}],"author":[{"embeddable":true,"href":"https:\/\/assemit.com.br\/novo\/index.php?rest_route=\/wp\/v2\/users\/1"}],"replies":[{"embeddable":true,"href":"https:\/\/assemit.com.br\/novo\/index.php?rest_route=%2Fwp%2Fv2%2Fcomments&post=59"}],"version-history":[{"count":0,"href":"https:\/\/assemit.com.br\/novo\/index.php?rest_route=\/wp\/v2\/posts\/59\/revisions"}],"wp:featuredmedia":[{"embeddable":true,"href":"https:\/\/assemit.com.br\/novo\/index.php?rest_route=\/wp\/v2\/media\/58"}],"wp:attachment":[{"href":"https:\/\/assemit.com.br\/novo\/index.php?rest_route=%2Fwp%2Fv2%2Fmedia&parent=59"}],"wp:term":[{"taxonomy":"category","embeddable":true,"href":"https:\/\/assemit.com.br\/novo\/index.php?rest_route=%2Fwp%2Fv2%2Fcategories&post=59"},{"taxonomy":"post_tag","embeddable":true,"href":"https:\/\/assemit.com.br\/novo\/index.php?rest_route=%2Fwp%2Fv2%2Ftags&post=59"}],"curies":[{"name":"wp","href":"https:\/\/api.w.org\/{rel}","templated":true}]}}