{"id":6,"date":"2015-02-10T16:18:10","date_gmt":"2015-02-10T16:18:10","guid":{"rendered":"http:\/\/novo2017.assemit.com.br\/?p=6"},"modified":"2015-02-10T16:18:10","modified_gmt":"2015-02-10T16:18:10","slug":"2015-ano-de-varios-desafios-para-a-nova-diretoria-da-assemit","status":"publish","type":"post","link":"https:\/\/assemit.com.br\/novo\/?p=6","title":{"rendered":"2015: ano de v\u00e1rios desafios para a nova diretoria da Assemit"},"content":{"rendered":"<p class=\"MsoNormal\" style=\"margin: 0cm 0cm 8pt; line-height: 12pt; text-align: justify;\"><span style=\"font-size: 11pt; font-family: Calibri; line-height: 12pt;\"><img decoding=\"async\" class=\" size-full wp-image-5\" src=\"http:\/\/novo2017.assemit.com.br\/wp-content\/uploads\/2015\/02\/1-2015.jpg\" border=\"0\" width=\"700\" srcset=\"https:\/\/assemit.com.br\/novo\/wp-content\/uploads\/2015\/02\/1-2015.jpg 900w, https:\/\/assemit.com.br\/novo\/wp-content\/uploads\/2015\/02\/1-2015-300x200.jpg 300w, https:\/\/assemit.com.br\/novo\/wp-content\/uploads\/2015\/02\/1-2015-768x512.jpg 768w, https:\/\/assemit.com.br\/novo\/wp-content\/uploads\/2015\/02\/1-2015-619x413.jpg 619w\" sizes=\"(max-width: 900px) 100vw, 900px\" \/><\/span><\/p>\n<p class=\"MsoNormal\" style=\"margin: 0cm 0cm 8pt; line-height: 12pt; text-align: justify;\"><span style=\"font-size: 11pt; font-family: Calibri; line-height: 12pt;\">Na manh\u00e3 de hoje \u2013 ter\u00e7a-feira, 10, a  nova diretoria da Associa\u00e7\u00e3o dos Empres\u00e1rios <\/span><span style=\"font-size: 11pt; font-family: Calibri; line-height: 12pt;\">de Itapiranga \u2013 Assemit se  reuniu pela primeira vez, para projetar as atividades <\/span><span style=\"font-size: 11pt; font-family: Calibri; line-height: 12pt; text-align: justify;\">e a\u00e7\u00f5es da entidade  neste ano. O presidente Elton Maldaner iniciou o encontro <\/span><span style=\"font-size: 11pt; font-family: Calibri; line-height: 12pt; text-align: justify;\">enfatizando os  desafios para 2015, principalmente com rela\u00e7\u00e3o ao atendimento das <\/span><span style=\"font-size: 11pt; font-family: Calibri; line-height: 12pt; text-align: justify;\">necessidades e satisfa\u00e7\u00e3o das empresas associadas. \u201cPrecisamos fortalecer a  classe <\/span><span style=\"font-size: 11pt; font-family: Calibri; line-height: 12pt; text-align: justify;\">empresarial e atender os anseios, buscando melhorar os servi\u00e7os  prestados e ampliar <\/span><span style=\"font-size: 11pt; font-family: Calibri; line-height: 12pt; text-align: justify;\">nosso quadro social\u201d, disse. Segundo ele, uma iniciativa  \u00e9 viabilizar uma pesquisa de <\/span><span style=\"font-size: 11pt; font-family: Calibri; line-height: 12pt; text-align: justify;\">satisfa\u00e7\u00e3o, para saber o que as empresas  associadas t\u00eam a sugerir para melhorar <\/span><span style=\"font-size: 11pt; font-family: Calibri; line-height: 12pt; text-align: justify;\">os trabalhos da Assemit.<\/span><\/p>\n<p style=\"text-align: justify;\"><span style=\"font-size: 11pt; font-family: Calibri; line-height: 12pt;\">Diversas atividades foram planejadas  para este ano e o cronograma foi apresentado para os membros da diretoria.  Uma sugest\u00e3o da maioria foi manter a decis\u00e3o de\u00a0n\u00e3o realizar \u2013 a exemplo do  ano passado \u2013 o concurso de empres\u00e1rio destaque, assunto que ser\u00e1 discutido  em assembleia no pr\u00f3ximo dia 23. A diretoria entende\u00a0que esse tipo de  iniciativa pode desunir e dividir a classe. Neste ano, a diretoria tamb\u00e9m  pretende tornar as assembleias mais atrativas, para reunir mais associados.<\/span><\/p>\n<p class=\"MsoNormal\" style=\"margin: 0cm 0cm 8pt; line-height: 12pt; text-align: justify;\"><span style=\"font-family: Calibri;\"><span style=\"font-size: 11pt;\">Outra meta \u00e9 cobrar a execu\u00e7\u00e3o do planejamento estrat\u00e9gico Itapiranga 2030,  projeto que prev\u00ea diversas a\u00e7\u00f5es voltadas ao setor empresarial para o  futuro. As atividades dos cinco n\u00facleos existentes tamb\u00e9m ter\u00e3o suporte e  apoio da Assemit e a entidade pretende viabilizar cursos, treinamentos, al\u00e9m  do baile no dia 14 de novembro e o Show da Sorte 2015. \u201cVamos continuar  trabalhando de forma volunt\u00e1ria, buscando\u00a0fortalecer este setor de  fundamental import\u00e2ncia para o desenvolvimento do nosso munic\u00edpio\u201d, finaliza  Maldaner. <\/span><\/span><\/p>\n","protected":false},"excerpt":{"rendered":"<p>Na manh\u00e3 de hoje \u2013 ter\u00e7a-feira, 10, a nova diretoria da Associa\u00e7\u00e3o dos Empres\u00e1rios de Itapiranga \u2013 Assemit se reuniu pela primeira vez, para projetar as atividades e a\u00e7\u00f5es da entidade neste ano. O presidente Elton Maldaner iniciou o encontro [&hellip;]<\/p>\n","protected":false},"author":1,"featured_media":5,"comment_status":"open","ping_status":"open","sticky":false,"template":"","format":"standard","meta":{"ngg_post_thumbnail":0,"footnotes":""},"categories":[6],"tags":[],"class_list":["post-6","post","type-post","status-publish","format-standard","has-post-thumbnail","hentry","category-novidades"],"_links":{"self":[{"href":"https:\/\/assemit.com.br\/novo\/index.php?rest_route=\/wp\/v2\/posts\/6","targetHints":{"allow":["GET"]}}],"collection":[{"href":"https:\/\/assemit.com.br\/novo\/index.php?rest_route=\/wp\/v2\/posts"}],"about":[{"href":"https:\/\/assemit.com.br\/novo\/index.php?rest_route=\/wp\/v2\/types\/post"}],"author":[{"embeddable":true,"href":"https:\/\/assemit.com.br\/novo\/index.php?rest_route=\/wp\/v2\/users\/1"}],"replies":[{"embeddable":true,"href":"https:\/\/assemit.com.br\/novo\/index.php?rest_route=%2Fwp%2Fv2%2Fcomments&post=6"}],"version-history":[{"count":0,"href":"https:\/\/assemit.com.br\/novo\/index.php?rest_route=\/wp\/v2\/posts\/6\/revisions"}],"wp:featuredmedia":[{"embeddable":true,"href":"https:\/\/assemit.com.br\/novo\/index.php?rest_route=\/wp\/v2\/media\/5"}],"wp:attachment":[{"href":"https:\/\/assemit.com.br\/novo\/index.php?rest_route=%2Fwp%2Fv2%2Fmedia&parent=6"}],"wp:term":[{"taxonomy":"category","embeddable":true,"href":"https:\/\/assemit.com.br\/novo\/index.php?rest_route=%2Fwp%2Fv2%2Fcategories&post=6"},{"taxonomy":"post_tag","embeddable":true,"href":"https:\/\/assemit.com.br\/novo\/index.php?rest_route=%2Fwp%2Fv2%2Ftags&post=6"}],"curies":[{"name":"wp","href":"https:\/\/api.w.org\/{rel}","templated":true}]}}