{"id":66,"date":"2014-10-15T19:29:54","date_gmt":"2014-10-15T19:29:54","guid":{"rendered":"http:\/\/novo2017.assemit.com.br\/?p=66"},"modified":"2014-10-15T19:29:54","modified_gmt":"2014-10-15T19:29:54","slug":"semana-nacional-de-ciencia-e-tecnologia-do-sebrae-e-e-realizada-itapiranga","status":"publish","type":"post","link":"https:\/\/assemit.com.br\/novo\/?p=66","title":{"rendered":"Semana Nacional de Ci\u00eancia e Tecnologia do SEBRAE e \u00e9 realizada Itapiranga"},"content":{"rendered":"<p>Neste dia 14 de Outubro a ASSEMIT em parceria com o SEBRAE realizou o Semin\u00e1rio de Gest\u00e3o da Inova\u00e7\u00e3o como<\/p>\n<p>Estrat\u00e9gia de Competitividade com a Palestra de Lucas Miguel Gnigler que abordou os temas Marketing e Inova\u00e7\u00e3o<\/p>\n<p>e o estudo de Caso com Astor Kist que contou sua hist\u00f3ria e tamb\u00e9m abordou os temas Associativismo e Empreendedorismo.<\/p>\n<p>Entre o publico presente estiveram empres\u00e1rios locais e alunos da FAI Faculdades.<img loading=\"lazy\" decoding=\"async\" class=\" size-full wp-image-65\" src=\"http:\/\/novo2017.assemit.com.br\/wp-content\/uploads\/2014\/10\/palestrasebrae.jpg\" border=\"0\" style=\"line-height: 1.3em;\" width=\"600\" height=\"440\" srcset=\"https:\/\/assemit.com.br\/novo\/wp-content\/uploads\/2014\/10\/palestrasebrae.jpg 600w, https:\/\/assemit.com.br\/novo\/wp-content\/uploads\/2014\/10\/palestrasebrae-300x220.jpg 300w\" sizes=\"auto, (max-width: 600px) 100vw, 600px\" \/><\/p>\n","protected":false},"excerpt":{"rendered":"<p>Neste dia 14 de Outubro a ASSEMIT em parceria com o SEBRAE realizou o Semin\u00e1rio de Gest\u00e3o da Inova\u00e7\u00e3o como Estrat\u00e9gia de Competitividade com a Palestra de Lucas Miguel Gnigler que abordou os temas Marketing e Inova\u00e7\u00e3o e o estudo [&hellip;]<\/p>\n","protected":false},"author":1,"featured_media":65,"comment_status":"open","ping_status":"open","sticky":false,"template":"","format":"standard","meta":{"ngg_post_thumbnail":0,"footnotes":""},"categories":[6],"tags":[],"class_list":["post-66","post","type-post","status-publish","format-standard","has-post-thumbnail","hentry","category-novidades"],"_links":{"self":[{"href":"https:\/\/assemit.com.br\/novo\/index.php?rest_route=\/wp\/v2\/posts\/66","targetHints":{"allow":["GET"]}}],"collection":[{"href":"https:\/\/assemit.com.br\/novo\/index.php?rest_route=\/wp\/v2\/posts"}],"about":[{"href":"https:\/\/assemit.com.br\/novo\/index.php?rest_route=\/wp\/v2\/types\/post"}],"author":[{"embeddable":true,"href":"https:\/\/assemit.com.br\/novo\/index.php?rest_route=\/wp\/v2\/users\/1"}],"replies":[{"embeddable":true,"href":"https:\/\/assemit.com.br\/novo\/index.php?rest_route=%2Fwp%2Fv2%2Fcomments&post=66"}],"version-history":[{"count":0,"href":"https:\/\/assemit.com.br\/novo\/index.php?rest_route=\/wp\/v2\/posts\/66\/revisions"}],"wp:featuredmedia":[{"embeddable":true,"href":"https:\/\/assemit.com.br\/novo\/index.php?rest_route=\/wp\/v2\/media\/65"}],"wp:attachment":[{"href":"https:\/\/assemit.com.br\/novo\/index.php?rest_route=%2Fwp%2Fv2%2Fmedia&parent=66"}],"wp:term":[{"taxonomy":"category","embeddable":true,"href":"https:\/\/assemit.com.br\/novo\/index.php?rest_route=%2Fwp%2Fv2%2Fcategories&post=66"},{"taxonomy":"post_tag","embeddable":true,"href":"https:\/\/assemit.com.br\/novo\/index.php?rest_route=%2Fwp%2Fv2%2Ftags&post=66"}],"curies":[{"name":"wp","href":"https:\/\/api.w.org\/{rel}","templated":true}]}}