{"id":72,"date":"2014-10-08T14:45:47","date_gmt":"2014-10-08T14:45:47","guid":{"rendered":"http:\/\/novo2017.assemit.com.br\/?p=72"},"modified":"2014-10-08T14:45:47","modified_gmt":"2014-10-08T14:45:47","slug":"assemit-recebe-premiacao-por-campanha-realizado-com-o-nucleo-do-jovem-empreenderdor","status":"publish","type":"post","link":"https:\/\/assemit.com.br\/novo\/?p=72","title":{"rendered":"ASSEMIT recebe premia\u00e7\u00e3o por campanha realizado com o  N\u00facleo do Jovem Empreenderdor"},"content":{"rendered":"<h2 style=\"text-align: justify;\">No ano de 2012, a Federa\u00e7\u00e3o, empenhada em ajudar o Movimento Brasil Eficiente &#8211;<\/h2>\n<h2 style=\"text-align: justify;\">MBE a atingir o montante de 1,4 milh\u00e3o de assinaturas necess\u00e1rias para que os Projetos de Leis<\/h2>\n<h2 style=\"text-align: justify;\">propostos sejam enviados ao Congresso Nacional, lan\u00e7ou o projeto \u201cMovimento Brasil Eficiente em SC\u201d<\/h2>\n<h2 style=\"text-align: justify;\">com o intuito de sensibilizar o sistema FACISC a angariar o maior n\u00famero de assinaturas poss\u00edvel no<\/h2>\n<h2 style=\"text-align: justify;\">estado de Santa Catarina.<\/h2>\n<h2 style=\"text-align: justify;\">Para este projeto foram definidas algumas metas, e entre elas, uma que reconheceria a<\/h2>\n<h2 style=\"text-align: justify;\">Associa\u00e7\u00e3o Empresarial que conseguisse um total de assinaturas (digitais e f\u00edsicas) superior a<\/h2>\n<h2 style=\"text-align: justify;\">6% do total de habitantes da respectiva cidade (fonte IBGE 2010). O per\u00edodo de avalia\u00e7\u00e3o<\/h2>\n<h2 style=\"text-align: justify;\">foi de mar\/2012 a set\/2014.<\/h2>\n<h2 style=\"text-align: justify;\">Como premio receber\u00e3o um Projeto Multim\u00eddia (Datashow) cada uma, que ser\u00e1 entregue durante o<\/h2>\n<h2 style=\"text-align: justify;\">Encontro Estadual de ACIs em Treze T\u00edlias.<\/h2>\n<h2 style=\"text-align: justify;\">Meta para Itapiranga em assinaturas: 926.<\/h2>\n<h2 style=\"text-align: justify;\">Total de Assinaturas Recolhidas: 2145<\/h2>\n<h2 style=\"text-align: justify;\">O N\u00facleo do Jovem Empreendedor com apoio ASSEMIT da empenhou-se em recolher as assinaturas em v\u00e1rios de seus eventos,<\/h2>\n<h2 style=\"text-align: justify;\">em destaque durante a realiza\u00e7\u00e3o do Feir\u00e3o do Imposto.<\/h2>\n","protected":false},"excerpt":{"rendered":"<p>No ano de 2012, a Federa\u00e7\u00e3o, empenhada em ajudar o Movimento Brasil Eficiente &#8211; MBE a atingir o montante de 1,4 milh\u00e3o de assinaturas necess\u00e1rias para que os Projetos de Leis propostos sejam enviados ao Congresso Nacional, lan\u00e7ou o projeto [&hellip;]<\/p>\n","protected":false},"author":1,"featured_media":0,"comment_status":"open","ping_status":"open","sticky":false,"template":"","format":"standard","meta":{"ngg_post_thumbnail":0,"footnotes":""},"categories":[6],"tags":[],"class_list":["post-72","post","type-post","status-publish","format-standard","hentry","category-novidades"],"_links":{"self":[{"href":"https:\/\/assemit.com.br\/novo\/index.php?rest_route=\/wp\/v2\/posts\/72","targetHints":{"allow":["GET"]}}],"collection":[{"href":"https:\/\/assemit.com.br\/novo\/index.php?rest_route=\/wp\/v2\/posts"}],"about":[{"href":"https:\/\/assemit.com.br\/novo\/index.php?rest_route=\/wp\/v2\/types\/post"}],"author":[{"embeddable":true,"href":"https:\/\/assemit.com.br\/novo\/index.php?rest_route=\/wp\/v2\/users\/1"}],"replies":[{"embeddable":true,"href":"https:\/\/assemit.com.br\/novo\/index.php?rest_route=%2Fwp%2Fv2%2Fcomments&post=72"}],"version-history":[{"count":0,"href":"https:\/\/assemit.com.br\/novo\/index.php?rest_route=\/wp\/v2\/posts\/72\/revisions"}],"wp:attachment":[{"href":"https:\/\/assemit.com.br\/novo\/index.php?rest_route=%2Fwp%2Fv2%2Fmedia&parent=72"}],"wp:term":[{"taxonomy":"category","embeddable":true,"href":"https:\/\/assemit.com.br\/novo\/index.php?rest_route=%2Fwp%2Fv2%2Fcategories&post=72"},{"taxonomy":"post_tag","embeddable":true,"href":"https:\/\/assemit.com.br\/novo\/index.php?rest_route=%2Fwp%2Fv2%2Ftags&post=72"}],"curies":[{"name":"wp","href":"https:\/\/api.w.org\/{rel}","templated":true}]}}