{"id":76,"date":"2014-10-06T17:14:51","date_gmt":"2014-10-06T17:14:51","guid":{"rendered":"http:\/\/novo2017.assemit.com.br\/?p=76"},"modified":"2014-10-06T17:14:51","modified_gmt":"2014-10-06T17:14:51","slug":"nucleo-de-automecanicas-elege-nova-coordenacao","status":"publish","type":"post","link":"https:\/\/assemit.com.br\/novo\/?p=76","title":{"rendered":"N\u00facleo de Automec\u00e2nicas elege nova coordena\u00e7\u00e3o"},"content":{"rendered":"<p>No ultimo dia 30 de Setembro o N\u00facleo de Automenc\u00e2nicas elegeu nova coordena\u00e7\u00e3o, o grupo existe a mais de 8 anos<\/p>\n<p>e \u00e9 formado por mec\u00e2nicas da regi\u00e3o.<\/p>\n<p>A nova coordena\u00e7\u00e3o \u00e9 formada por v\u00e1rios integrantes:<\/p>\n<p>Coordenador Bernildo Bourscheid \u2013 Automec\u00e2nica Berlin de Tun\u00e1polis<\/p>\n<p>Vice Coordenador Ivan Hilgert \u2013 Mec\u00e2nica do Pubi de Ipor\u00e3 do Oeste<\/p>\n<p>Tesoureira Maria Helena Schmitz Becker \u2013 Mec\u00e2nica Ratinho de Itapiranga<\/p>\n<p>Secret\u00e1rio Pedro Jos\u00e9 Kunrath \u2013 Automec\u00e2nica Pedrinho de Itapiranga.<\/p>\n<p>A cerimonia de posse ser\u00e1 dia 21\/11 juntamente com o evento de Posse da Nova Diretoria da ASSEMIT.<\/p>\n<p>Sendo que o mandato come\u00e7a em janeiro de 2015.<\/p>\n<div><\/div>\n<p><img loading=\"lazy\" decoding=\"async\" class=\" size-full wp-image-75\" src=\"http:\/\/novo2017.assemit.com.br\/wp-content\/uploads\/2014\/10\/redetevbox.jpg\" border=\"0\" width=\"600\" height=\"440\" srcset=\"https:\/\/assemit.com.br\/novo\/wp-content\/uploads\/2014\/10\/redetevbox.jpg 600w, https:\/\/assemit.com.br\/novo\/wp-content\/uploads\/2014\/10\/redetevbox-300x220.jpg 300w\" sizes=\"auto, (max-width: 600px) 100vw, 600px\" \/><\/p>\n","protected":false},"excerpt":{"rendered":"<p>No ultimo dia 30 de Setembro o N\u00facleo de Automenc\u00e2nicas elegeu nova coordena\u00e7\u00e3o, o grupo existe a mais de 8 anos e \u00e9 formado por mec\u00e2nicas da regi\u00e3o. A nova coordena\u00e7\u00e3o \u00e9 formada por v\u00e1rios integrantes: Coordenador Bernildo Bourscheid \u2013 [&hellip;]<\/p>\n","protected":false},"author":1,"featured_media":75,"comment_status":"open","ping_status":"open","sticky":false,"template":"","format":"standard","meta":{"ngg_post_thumbnail":0,"footnotes":""},"categories":[6],"tags":[],"class_list":["post-76","post","type-post","status-publish","format-standard","has-post-thumbnail","hentry","category-novidades"],"_links":{"self":[{"href":"https:\/\/assemit.com.br\/novo\/index.php?rest_route=\/wp\/v2\/posts\/76","targetHints":{"allow":["GET"]}}],"collection":[{"href":"https:\/\/assemit.com.br\/novo\/index.php?rest_route=\/wp\/v2\/posts"}],"about":[{"href":"https:\/\/assemit.com.br\/novo\/index.php?rest_route=\/wp\/v2\/types\/post"}],"author":[{"embeddable":true,"href":"https:\/\/assemit.com.br\/novo\/index.php?rest_route=\/wp\/v2\/users\/1"}],"replies":[{"embeddable":true,"href":"https:\/\/assemit.com.br\/novo\/index.php?rest_route=%2Fwp%2Fv2%2Fcomments&post=76"}],"version-history":[{"count":0,"href":"https:\/\/assemit.com.br\/novo\/index.php?rest_route=\/wp\/v2\/posts\/76\/revisions"}],"wp:featuredmedia":[{"embeddable":true,"href":"https:\/\/assemit.com.br\/novo\/index.php?rest_route=\/wp\/v2\/media\/75"}],"wp:attachment":[{"href":"https:\/\/assemit.com.br\/novo\/index.php?rest_route=%2Fwp%2Fv2%2Fmedia&parent=76"}],"wp:term":[{"taxonomy":"category","embeddable":true,"href":"https:\/\/assemit.com.br\/novo\/index.php?rest_route=%2Fwp%2Fv2%2Fcategories&post=76"},{"taxonomy":"post_tag","embeddable":true,"href":"https:\/\/assemit.com.br\/novo\/index.php?rest_route=%2Fwp%2Fv2%2Ftags&post=76"}],"curies":[{"name":"wp","href":"https:\/\/api.w.org\/{rel}","templated":true}]}}