{"id":8,"date":"2014-11-23T18:10:29","date_gmt":"2014-11-23T18:10:29","guid":{"rendered":"http:\/\/novo2017.assemit.com.br\/?p=8"},"modified":"2014-11-23T18:10:29","modified_gmt":"2014-11-23T18:10:29","slug":"assemit-promove-jantar-festivo-com-posse-da-nova-diretoria","status":"publish","type":"post","link":"https:\/\/assemit.com.br\/novo\/?p=8","title":{"rendered":"Assemit promove jantar festivo com posse da nova diretoria"},"content":{"rendered":"<p style=\"text-align: justify;\"><img decoding=\"async\" class=\" size-full wp-image-7\" src=\"http:\/\/novo2017.assemit.com.br\/wp-content\/uploads\/2014\/11\/posse_diretoria2015.jpg\" border=\"0\" width=\"700\" srcset=\"https:\/\/assemit.com.br\/novo\/wp-content\/uploads\/2014\/11\/posse_diretoria2015.jpg 800w, https:\/\/assemit.com.br\/novo\/wp-content\/uploads\/2014\/11\/posse_diretoria2015-300x200.jpg 300w, https:\/\/assemit.com.br\/novo\/wp-content\/uploads\/2014\/11\/posse_diretoria2015-768x512.jpg 768w, https:\/\/assemit.com.br\/novo\/wp-content\/uploads\/2014\/11\/posse_diretoria2015-619x412.jpg 619w\" sizes=\"(max-width: 800px) 100vw, 800px\" \/><\/p>\n<p style=\"text-align: justify;\">A Associa\u00e7\u00e3o dos Empres\u00e1rios de Itapiranga \u2013 Assemit promoveu na noite de s\u00e1bado, 22, a tradicional confraterniza\u00e7\u00e3o de final de ano e posse da nova diretoria &#8211; gest\u00e3o 2015\/16. O evento aconteceu na AABB e iniciou com posse das diretorias dos n\u00facleos existentes: Jovem Empreendedor \u2013 JEI, Mulher Empres\u00e1ria, Alimentos e Contadores. Em seguida foi feito agradecimento \u00e0 diretoria que encerrou as atividades e apresentada a nova diretoria, eleita no dia 24 de outubro em assembleia. Ap\u00f3s o pronunciamento de autoridades foi servido o jantar. A dupla Marcos C\u00e9sar e Osvaldir empolgou o p\u00fablico, com m\u00fasicas de todos os estilos tocadas em viol\u00f5es. Ap\u00f3s o jantar, as empresas com 100% de participa\u00e7\u00e3o nas assembleias receberam cestas e certificados. Tamb\u00e9m foram sorteados diversos brindes para os colaboradores das empresas presentes no evento e empres\u00e1rios.<\/p>\n<p style=\"text-align: justify;\"><a href=\"http:\/\/www.portalfo.com.br\/eventos\/376\/jantar-festivo-e-posse-diretoria-da-assemit\" target=\"_blank\" style=\"box-sizing: border-box; color: #428bca;\"><strong style=\"box-sizing: border-box;\">CLIQUE AQUI E VEJA AS FOTOS DO EVENTO<\/strong><\/a><\/p>\n<p style=\"text-align: justify;\">Segundo o presidente Elton Maldaner, a Assemit tem diversos desafios nos pr\u00f3ximos anos e o objetivo \u00e9 continuar trabalhando em prol da classe empresarial. Entre as prioridades est\u00e1 a mudan\u00e7a da sede da entidade para um local mais apropriado, a aquisi\u00e7\u00e3o de \u00e1rea industrial e incentivo \u00e0 instala\u00e7\u00e3o de mais ind\u00fastrias no munic\u00edpio, al\u00e9m de outras atividades e a\u00e7\u00f5es previstas. \u201cAgradecemos a todos que participaram e colaboraram na realiza\u00e7\u00e3o deste evento, bem como aos membros da nova diretoria, que aceitaram o desfaio de trabalhar voluntariamente pelos empres\u00e1rios do munic\u00edpio\u201d, afirma Maldaner.<\/p>\n<p style=\"text-align: justify;\"><span style=\"font-family: Arial, sans-serif; font-size: 13px; line-height: 16.6399993896484px;\"><strong>Diretoria<\/strong><\/span><\/p>\n<p style=\"text-align: justify;\"><span style=\"font-family: Arial, sans-serif; font-size: 13px; line-height: 16.6399993896484px;\">Presidente Elton Maldaner, tendo como vice Lazi\u00ea de Col. Secret\u00e1ria &#8211; Cristiani Werlang; vice &#8211; Valdir Bourscheid; tesoureiro &#8211; Guido Flach; vice &#8211; Clemente Schnorrenberger; conselho fiscal &#8211; Pedro Kunrath, Lourdes Lengert e Ivete Friedrich. Suplentes &#8211; Marino Spies, Celiomar Crestani e Gabriel Celuppi; comunica\u00e7\u00e3o &#8211; Rafael Stuelp; departamento de prote\u00e7\u00e3o ao cr\u00e9dito &#8211; Nirton Follmann; departamento de aperfei\u00e7oamento profissional &#8211; Katia Engel\/Carla Sehn; departamento do empreender &#8211; Odir Fank; departamento de eventos e show da sorte: Cleusa Guareschi \/Lairton Koerbes; assessoria jur\u00eddica: Airton Sehn; Conselho Deliberativo: Carlise Werlang, \u00c9lbio Schimuneck e Afonso Niehues.<\/span><\/p>\n","protected":false},"excerpt":{"rendered":"<p>A Associa\u00e7\u00e3o dos Empres\u00e1rios de Itapiranga \u2013 Assemit promoveu na noite de s\u00e1bado, 22, a tradicional confraterniza\u00e7\u00e3o de final de ano e posse da nova diretoria &#8211; gest\u00e3o 2015\/16. O evento aconteceu na AABB e iniciou com posse das diretorias [&hellip;]<\/p>\n","protected":false},"author":1,"featured_media":7,"comment_status":"open","ping_status":"open","sticky":false,"template":"","format":"standard","meta":{"ngg_post_thumbnail":0,"footnotes":""},"categories":[6],"tags":[],"class_list":["post-8","post","type-post","status-publish","format-standard","has-post-thumbnail","hentry","category-novidades"],"_links":{"self":[{"href":"https:\/\/assemit.com.br\/novo\/index.php?rest_route=\/wp\/v2\/posts\/8","targetHints":{"allow":["GET"]}}],"collection":[{"href":"https:\/\/assemit.com.br\/novo\/index.php?rest_route=\/wp\/v2\/posts"}],"about":[{"href":"https:\/\/assemit.com.br\/novo\/index.php?rest_route=\/wp\/v2\/types\/post"}],"author":[{"embeddable":true,"href":"https:\/\/assemit.com.br\/novo\/index.php?rest_route=\/wp\/v2\/users\/1"}],"replies":[{"embeddable":true,"href":"https:\/\/assemit.com.br\/novo\/index.php?rest_route=%2Fwp%2Fv2%2Fcomments&post=8"}],"version-history":[{"count":0,"href":"https:\/\/assemit.com.br\/novo\/index.php?rest_route=\/wp\/v2\/posts\/8\/revisions"}],"wp:featuredmedia":[{"embeddable":true,"href":"https:\/\/assemit.com.br\/novo\/index.php?rest_route=\/wp\/v2\/media\/7"}],"wp:attachment":[{"href":"https:\/\/assemit.com.br\/novo\/index.php?rest_route=%2Fwp%2Fv2%2Fmedia&parent=8"}],"wp:term":[{"taxonomy":"category","embeddable":true,"href":"https:\/\/assemit.com.br\/novo\/index.php?rest_route=%2Fwp%2Fv2%2Fcategories&post=8"},{"taxonomy":"post_tag","embeddable":true,"href":"https:\/\/assemit.com.br\/novo\/index.php?rest_route=%2Fwp%2Fv2%2Ftags&post=8"}],"curies":[{"name":"wp","href":"https:\/\/api.w.org\/{rel}","templated":true}]}}